{"id":1792,"date":"2025-06-23T13:20:26","date_gmt":"2025-06-23T16:20:26","guid":{"rendered":"https:\/\/sabato.unicen.edu.ar\/?p=1792"},"modified":"2025-06-23T13:20:54","modified_gmt":"2025-06-23T16:20:54","slug":"se-abre-la-preinscripcion-para-el-ciclo-2026","status":"publish","type":"post","link":"https:\/\/sabato.unicen.edu.ar\/?p=1792","title":{"rendered":"Se abre la preinscripci\u00f3n para el ciclo 2026"},"content":{"rendered":"<div id=\"pl-1792\"  class=\"panel-layout\" ><div id=\"pg-1792-0\"  class=\"panel-grid panel-no-style\" ><div id=\"pgc-1792-0-0\"  class=\"panel-grid-cell\" ><div id=\"panel-1792-0-0-0\" class=\"so-panel widget widget_text panel-first-child panel-last-child\" data-index=\"0\" >\t\t\t<div class=\"textwidget\"><p>La Escuela Nacional Ernesto Sabato de la Universidad Nacional del Centro de la Provincia de Buenos Aires, informa que se abre <strong>la preinscripci\u00f3n para los aspirantes a ingresar a 1er A\u00f1o de la Escuela Secundaria en el Ciclo Lectivo 2026, a partir del 04 de julio a las 8.00h y hasta el 05 de septiembre a las 15.00h.<\/strong> La preinscripci\u00f3n se realizar\u00e1 de manera virtual. Aquellas familias <em><strong>que no puedan<\/strong><\/em> gestionarla virtualmente, podr\u00e1n hacerlo de manera presencial, del lunes 04 de agosto al viernes 05 de septiembre en el horario de 11:00 a 14:00 hs, en la Escuela (Lober\u00eda 760).<\/p>\n<p>Para realizar la preinscripci\u00f3n online, se debe completar el formulario correspondiente, accediendo por medio del siguiente <strong>enlace<\/strong>: <a href=\"https:\/\/enes.comunidadeduar.com.ar\/preinscripcion\" target=\"_blank\" rel=\"noopener\">https:\/\/enes.comunidadeduar.com.ar\/preinscripcion<\/a><strong> (Estar\u00e1 disponible a partir del 04\/07\/2025).<\/strong><\/p>\n<p><strong>Una vez realizada su preinscripci\u00f3n recibir\u00e1 autom\u00e1ticamente una notificaci\u00f3n confirmando que ha sido recibida al mail indicado en el formulario. Luego, la escuela revisar\u00e1 los datos y luego confirmar\u00e1 o rechazar\u00e1 (exceptuando el per\u00edodo de receso invernal) la preinscripci\u00f3n al mail indicado en el formulario.<\/strong> Podr\u00e1n realizar consultas al mail:<em> preinscripcionsabato@gmail.com<\/em><\/p>\n<p><strong>El sorteo de los ingresantes se realizar\u00e1 el d\u00eda jueves 18 de septiembre a las 18hs. de manera virtual.<\/strong><\/p>\n<p><em><strong>El sorteo<\/strong> <\/em>se transmitir\u00e1 en vivo para todos los preinscriptos por medio de una plataforma virtual, escogida a tal efecto. Se dar\u00e1 aviso a la comunidad a trav\u00e9s de las redes institucionales de comunicaci\u00f3n, y se enviar\u00e1 el enlace de acceso a los correos electr\u00f3nicos indicados en la preinscripci\u00f3n. El personal de Secretar\u00eda introducir\u00e1, en vivo, los troqueles<br \/>\ncorrespondientes a cada uno de los aspirantes con la debida fiscalizaci\u00f3n.<\/p>\n<p>Para m\u00e1s informaci\u00f3n podr\u00e1n comunicarse al siguiente correo electr\u00f3nico: <em>preinscripcionsabato@gmail.com<\/em><\/p>\n<p>Puede ver m\u00e1s informaci\u00f3n ingresando al siguiente enlace:<a href=\"https:\/\/sabato.unicen.edu.ar\/wp-content\/uploads\/2025\/06\/GACETILLA-DIFUSION-Preinscripcion-Ingresantes-2026.docx.pdf\" target=\"_blank\" rel=\"noopener\"> GACETILLA DE DIFUSI\u00d3N<\/a><\/p>\n<\/div>\n\t\t<\/div><\/div><div id=\"pgc-1792-0-1\"  class=\"panel-grid-cell\" >\n\t\t<div id=\"panel-1792-0-1-0\" class=\"so-panel widget widget_recent-posts widget_recent_entries panel-first-child panel-last-child\" data-index=\"1\" >\n\t\t<h3 class=\"widget-title\">\u00daltimas Novedades<\/h3>\n\t\t<ul>\n\t\t\t\t\t\t\t\t\t\t\t<li>\n\t\t\t\t\t<a href=\"https:\/\/sabato.unicen.edu.ar\/?p=1810\">La Escuela Sabato convoca a docentes de Sociales, Comunicaci\u00f3n, F\u00edsica, Tecnolog\u00eda y Qu\u00edmica<\/a>\n\t\t\t\t\t\t\t\t\t<\/li>\n\t\t\t\t\t\t\t\t\t\t\t<li>\n\t\t\t\t\t<a href=\"https:\/\/sabato.unicen.edu.ar\/?p=1792\">Se abre la preinscripci\u00f3n para el ciclo 2026<\/a>\n\t\t\t\t\t\t\t\t\t<\/li>\n\t\t\t\t\t\t\t\t\t\t\t<li>\n\t\t\t\t\t<a href=\"https:\/\/sabato.unicen.edu.ar\/?p=1776\">La Escuela Sabato convoca a docentes de Ciencias Sociales<\/a>\n\t\t\t\t\t\t\t\t\t<\/li>\n\t\t\t\t\t\t\t\t\t\t\t<li>\n\t\t\t\t\t<a href=\"https:\/\/sabato.unicen.edu.ar\/?p=1772\">Comienza la preinscripci\u00f3n a 1er a\u00f1o para 2025<\/a>\n\t\t\t\t\t\t\t\t\t<\/li>\n\t\t\t\t\t\t\t\t\t\t\t<li>\n\t\t\t\t\t<a href=\"https:\/\/sabato.unicen.edu.ar\/?p=1769\">La Escuela Sabato convoca a docentes de Fotograf\u00eda<\/a>\n\t\t\t\t\t\t\t\t\t<\/li>\n\t\t\t\t\t<\/ul>\n\n\t\t<\/div><\/div><\/div><\/div>","protected":false},"excerpt":{"rendered":"<p>La Escuela Nacional Ernesto Sabato de la Universidad Nacional del Centro de la Provincia de Buenos Aires, informa que se abre la preinscripci\u00f3n para los aspirantes a ingresar a 1o A\u00f1o de la Escuela Secundaria en el Ciclo Lectivo 2026, a partir del 04 de julio a las 8.00h y hasta el 05 de septiembre a las 15.00h.<\/p>\n","protected":false},"author":1,"featured_media":1752,"comment_status":"closed","ping_status":"open","sticky":false,"template":"","format":"standard","meta":{"footnotes":""},"categories":[1],"tags":[],"_links":{"self":[{"href":"https:\/\/sabato.unicen.edu.ar\/index.php?rest_route=\/wp\/v2\/posts\/1792"}],"collection":[{"href":"https:\/\/sabato.unicen.edu.ar\/index.php?rest_route=\/wp\/v2\/posts"}],"about":[{"href":"https:\/\/sabato.unicen.edu.ar\/index.php?rest_route=\/wp\/v2\/types\/post"}],"author":[{"embeddable":true,"href":"https:\/\/sabato.unicen.edu.ar\/index.php?rest_route=\/wp\/v2\/users\/1"}],"replies":[{"embeddable":true,"href":"https:\/\/sabato.unicen.edu.ar\/index.php?rest_route=%2Fwp%2Fv2%2Fcomments&post=1792"}],"version-history":[{"count":2,"href":"https:\/\/sabato.unicen.edu.ar\/index.php?rest_route=\/wp\/v2\/posts\/1792\/revisions"}],"predecessor-version":[{"id":1795,"href":"https:\/\/sabato.unicen.edu.ar\/index.php?rest_route=\/wp\/v2\/posts\/1792\/revisions\/1795"}],"wp:featuredmedia":[{"embeddable":true,"href":"https:\/\/sabato.unicen.edu.ar\/index.php?rest_route=\/wp\/v2\/media\/1752"}],"wp:attachment":[{"href":"https:\/\/sabato.unicen.edu.ar\/index.php?rest_route=%2Fwp%2Fv2%2Fmedia&parent=1792"}],"wp:term":[{"taxonomy":"category","embeddable":true,"href":"https:\/\/sabato.unicen.edu.ar\/index.php?rest_route=%2Fwp%2Fv2%2Fcategories&post=1792"},{"taxonomy":"post_tag","embeddable":true,"href":"https:\/\/sabato.unicen.edu.ar\/index.php?rest_route=%2Fwp%2Fv2%2Ftags&post=1792"}],"curies":[{"name":"wp","href":"https:\/\/api.w.org\/{rel}","templated":true}]}}