{"id":1776,"date":"2024-08-14T15:12:24","date_gmt":"2024-08-14T18:12:24","guid":{"rendered":"https:\/\/sabato.unicen.edu.ar\/?p=1776"},"modified":"2024-08-14T15:12:24","modified_gmt":"2024-08-14T18:12:24","slug":"la-escuela-sabato-convoca-a-docentes-de-ciencias-sociales","status":"publish","type":"post","link":"https:\/\/sabato.unicen.edu.ar\/?p=1776","title":{"rendered":"La Escuela Sabato convoca a docentes de Ciencias Sociales"},"content":{"rendered":"<div id=\"pl-1776\"  class=\"panel-layout\" ><div id=\"pg-1776-0\"  class=\"panel-grid panel-no-style\" ><div id=\"pgc-1776-0-0\"  class=\"panel-grid-cell\" ><div id=\"panel-1776-0-0-0\" class=\"so-panel widget widget_text panel-first-child panel-last-child\" data-index=\"0\" >\t\t\t<div class=\"textwidget\"><div>\n<div dir=\"auto\">La Direcci\u00f3n de la Escuela Nacional Ernesto Sabato, conforme a la Resoluci\u00f3n de Rectorado N\u00ba 096\/08, convoca a los interesados en desempe\u00f1arse como Profesor\/a Suplente en el Nivel Secundario en los espacios curriculares HISTORIA (Espacio de Tronco Com\u00fan) con una carga horaria de dos horas semanales por divisi\u00f3n; SOCIEDAD Y ESTADO (Espacio de Tronco Com\u00fan) con una carga horaria de una hora semanal por divisi\u00f3n y AN\u00c1LISIS DE PROBLEM\u00c1TICAS SOCIALES II (Espacio de Orientaci\u00f3n Sociales) con una carga horaria de 2 horas semanales.<\/div>\n<\/div>\n<div>\n<div dir=\"auto\">Los interesados deber\u00e1n poseer t\u00edtulo de Profesor o tramo de formaci\u00f3n docente y presentar Curr\u00edculum Vitae desde hasta el 19\/08\/2024 inclusive. La inscripci\u00f3n ser\u00e1 mediante Formulario de Google Drive Enlace de Inscripci\u00f3n<\/div>\n<div dir=\"auto\"><a role=\"link\" href=\"https:\/\/forms.gle\/jaQ41PdjMnPHP6at5?fbclid=IwZXh0bgNhZW0CMTAAAR1ArLZblikCK_RFNTbxR1Jny1kt31Gcgrw1DNtau4qCP0u10S7nZNjQlx4_aem_YJ_Hu529KbCEaRhFWUmr4Q\" target=\"_blank\" rel=\"nofollow noopener noreferrer\" data-saferedirecturl=\"https:\/\/www.google.com\/url?q=https:\/\/forms.gle\/jaQ41PdjMnPHP6at5?fbclid%3DIwZXh0bgNhZW0CMTAAAR1ArLZblikCK_RFNTbxR1Jny1kt31Gcgrw1DNtau4qCP0u10S7nZNjQlx4_aem_YJ_Hu529KbCEaRhFWUmr4Q&amp;source=gmail&amp;ust=1723739518179000&amp;usg=AOvVaw1ZrOxBoxncapNwWEkICqGf\">https:\/\/forms.gle\/<wbr \/>jaQ41PdjMnPHP6at5<\/a>\u00a0donde deber\u00e1n completar sus datos personales y adjuntar su CV (en formato pdf), denominando el archivo adjunto: Apellido-SOCIALES.<\/div>\n<\/div>\n<div>\n<div dir=\"auto\">La vigencia del orden de m\u00e9rito de la selecci\u00f3n ser\u00e1 por un a\u00f1o y para consultas por d\u00edas y horarios, comunicarse v\u00eda correo electr\u00f3nico a:\u00a0<a href=\"mailto:secretariaenes@sabato.unicen.edu.ar\" target=\"_blank\" rel=\"noopener\">secretariaenes@sabato.unicen.<wbr \/>edu.ar<\/a><\/div>\n<\/div>\n<div>\n<div dir=\"auto\">Para consultar el Proyecto Educativo Institucional:\u00a0<a role=\"link\" href=\"https:\/\/sabato.unicen.edu.ar\/wp-content\/uploads\/2024\/03\/PEI-PCI-Febrero2022.pdf?fbclid=IwZXh0bgNhZW0CMTAAAR1fuTcE1gYXi1OSmdLtif3QXq8FllEBYYrDYaJpw5HRUeVpb_iDuE5KxBA_aem__g6YGwIDEobTvXqzft-QKw\" target=\"_blank\" rel=\"nofollow noopener noreferrer\" data-saferedirecturl=\"https:\/\/www.google.com\/url?q=https:\/\/sabato.unicen.edu.ar\/wp-content\/uploads\/2024\/03\/PEI-PCI-Febrero2022.pdf?fbclid%3DIwZXh0bgNhZW0CMTAAAR1fuTcE1gYXi1OSmdLtif3QXq8FllEBYYrDYaJpw5HRUeVpb_iDuE5KxBA_aem__g6YGwIDEobTvXqzft-QKw&amp;source=gmail&amp;ust=1723739518180000&amp;usg=AOvVaw3FBPJck4JrZxfUwHw2-SVv\">https:\/\/sabato.unicen.edu.ar\/.<wbr \/>..\/03\/PEI-PCI-Febrero2022.pdf<\/a><\/div>\n<\/div>\n<\/div>\n\t\t<\/div><\/div><div id=\"pgc-1776-0-1\"  class=\"panel-grid-cell\" >\n\t\t<div id=\"panel-1776-0-1-0\" class=\"so-panel widget widget_recent-posts widget_recent_entries panel-first-child panel-last-child\" data-index=\"1\" >\n\t\t<h3 class=\"widget-title\">\u00daltimas Noticias<\/h3>\n\t\t<ul>\n\t\t\t\t\t\t\t\t\t\t\t<li>\n\t\t\t\t\t<a href=\"https:\/\/sabato.unicen.edu.ar\/?p=1810\">La Escuela Sabato convoca a docentes de Sociales, Comunicaci\u00f3n, F\u00edsica, Tecnolog\u00eda y Qu\u00edmica<\/a>\n\t\t\t\t\t\t\t\t\t<\/li>\n\t\t\t\t\t\t\t\t\t\t\t<li>\n\t\t\t\t\t<a href=\"https:\/\/sabato.unicen.edu.ar\/?p=1792\">Se abre la preinscripci\u00f3n para el ciclo 2026<\/a>\n\t\t\t\t\t\t\t\t\t<\/li>\n\t\t\t\t\t\t\t\t\t\t\t<li>\n\t\t\t\t\t<a href=\"https:\/\/sabato.unicen.edu.ar\/?p=1776\">La Escuela Sabato convoca a docentes de Ciencias Sociales<\/a>\n\t\t\t\t\t\t\t\t\t<\/li>\n\t\t\t\t\t\t\t\t\t\t\t<li>\n\t\t\t\t\t<a href=\"https:\/\/sabato.unicen.edu.ar\/?p=1772\">Comienza la preinscripci\u00f3n a 1er a\u00f1o para 2025<\/a>\n\t\t\t\t\t\t\t\t\t<\/li>\n\t\t\t\t\t\t\t\t\t\t\t<li>\n\t\t\t\t\t<a href=\"https:\/\/sabato.unicen.edu.ar\/?p=1769\">La Escuela Sabato convoca a docentes de Fotograf\u00eda<\/a>\n\t\t\t\t\t\t\t\t\t<\/li>\n\t\t\t\t\t<\/ul>\n\n\t\t<\/div><\/div><\/div><\/div>","protected":false},"excerpt":{"rendered":"<p>La Direcci\u00f3n de la Escuela Nacional Ernesto Sabato, conforme a la Resoluci\u00f3n de Rectorado N\u00ba 096\/08, convoca a los interesados en desempe\u00f1arse como Profesor\/a Suplente en el Nivel Secundario <\/p>\n","protected":false},"author":1,"featured_media":1777,"comment_status":"closed","ping_status":"open","sticky":false,"template":"","format":"standard","meta":{"footnotes":""},"categories":[1],"tags":[],"_links":{"self":[{"href":"https:\/\/sabato.unicen.edu.ar\/index.php?rest_route=\/wp\/v2\/posts\/1776"}],"collection":[{"href":"https:\/\/sabato.unicen.edu.ar\/index.php?rest_route=\/wp\/v2\/posts"}],"about":[{"href":"https:\/\/sabato.unicen.edu.ar\/index.php?rest_route=\/wp\/v2\/types\/post"}],"author":[{"embeddable":true,"href":"https:\/\/sabato.unicen.edu.ar\/index.php?rest_route=\/wp\/v2\/users\/1"}],"replies":[{"embeddable":true,"href":"https:\/\/sabato.unicen.edu.ar\/index.php?rest_route=%2Fwp%2Fv2%2Fcomments&post=1776"}],"version-history":[{"count":1,"href":"https:\/\/sabato.unicen.edu.ar\/index.php?rest_route=\/wp\/v2\/posts\/1776\/revisions"}],"predecessor-version":[{"id":1778,"href":"https:\/\/sabato.unicen.edu.ar\/index.php?rest_route=\/wp\/v2\/posts\/1776\/revisions\/1778"}],"wp:featuredmedia":[{"embeddable":true,"href":"https:\/\/sabato.unicen.edu.ar\/index.php?rest_route=\/wp\/v2\/media\/1777"}],"wp:attachment":[{"href":"https:\/\/sabato.unicen.edu.ar\/index.php?rest_route=%2Fwp%2Fv2%2Fmedia&parent=1776"}],"wp:term":[{"taxonomy":"category","embeddable":true,"href":"https:\/\/sabato.unicen.edu.ar\/index.php?rest_route=%2Fwp%2Fv2%2Fcategories&post=1776"},{"taxonomy":"post_tag","embeddable":true,"href":"https:\/\/sabato.unicen.edu.ar\/index.php?rest_route=%2Fwp%2Fv2%2Ftags&post=1776"}],"curies":[{"name":"wp","href":"https:\/\/api.w.org\/{rel}","templated":true}]}}