{"id":1769,"date":"2024-06-14T12:53:13","date_gmt":"2024-06-14T15:53:13","guid":{"rendered":"https:\/\/sabato.unicen.edu.ar\/?p=1769"},"modified":"2024-06-14T12:53:13","modified_gmt":"2024-06-14T15:53:13","slug":"la-escuela-sabato-convoca-a-docentes-de-fotografia","status":"publish","type":"post","link":"https:\/\/sabato.unicen.edu.ar\/?p=1769","title":{"rendered":"La Escuela Sabato convoca a docentes de Fotograf\u00eda"},"content":{"rendered":"<div id=\"pl-1769\"  class=\"panel-layout\" ><div id=\"pg-1769-0\"  class=\"panel-grid panel-no-style\" ><div id=\"pgc-1769-0-0\"  class=\"panel-grid-cell\" ><div id=\"panel-1769-0-0-0\" class=\"so-panel widget widget_text panel-first-child panel-last-child\" data-index=\"0\" >\t\t\t<div class=\"textwidget\"><p style=\"font-weight: 400;\">La Direcci\u00f3n de la Escuela Nacional Ernesto Sabato, conforme a la Resoluci\u00f3n de Rectorado N\u00ba 096\/08, convoca a los interesados en desempe\u00f1arse como\u00a0<strong>Profesor\/a Suplente en el Nivel Secundario\u00a0<\/strong>en el espacio curricular de\u00a0<strong>FOTOGRAF\u00cdA de Quinto A\u00f1o (Espacio Curricular de Orientaci\u00f3n ARTE) con una carga horaria de\u00a0<\/strong>2 horas semanales, los martes de 13.30 a 15.30.<\/p>\n<p style=\"font-weight: 400;\">Los interesados deber\u00e1n poseer t\u00edtulo de Profesor\u00a0o\u00a0tramo de formaci\u00f3n docente, o en su defecto contar con formaci\u00f3n equivalente en el \u00e1rea o disciplina en la que aspiran a desempe\u00f1arse y antecedentes\/aptitudes en\/para la docencia en el Nivel Secundario. Por otro lado, deber\u00e1n presentar\u00a0<strong>Curr\u00edculum Vitae<\/strong>\u00a0<strong>hasta el\u00a024\/06\/2024\u00a0inclusive.<\/strong><\/p>\n<p style=\"font-weight: 400;\">La inscripci\u00f3n ser\u00e1 mediante Formulario de Google Drive, donde deber\u00e1n completar sus datos personales y adjuntar su CV (en formato pdf), denominando el archivo adjunto:\u00a0<strong>Apellido-FOTOGRAF\u00cdA.\u00a0<\/strong><strong>El enlace para la inscripci\u00f3n es<\/strong><\/p>\n<p style=\"font-weight: 400;\"><a href=\"https:\/\/forms.gle\/ybVaALUAJHGwHVF76\" data-saferedirecturl=\"https:\/\/www.google.com\/url?q=https:\/\/forms.gle\/ybVaALUAJHGwHVF76&amp;source=gmail&amp;ust=1718466526517000&amp;usg=AOvVaw2cE6FKhP8DPzr08A2crRTh\"><strong>https:\/\/forms.gle\/ybVaALUAJHGwHVF76<\/strong><\/a><\/p>\n<p style=\"font-weight: 400;\"><strong>La vigencia del orden de m\u00e9rito de la selecci\u00f3n ser\u00e1 por un a\u00f1o.<\/strong><strong>\u00a0<\/strong><\/p>\n<p style=\"font-weight: 400;\"><strong>Contenidos m\u00ednimos<\/strong><\/p>\n<p style=\"font-weight: 400;\">Elementos y propiedades de la imagen. An\u00e1lisis de imagen. La fotograf\u00eda como lenguaje y como documento. Los sistemas de representaci\u00f3n visual, la fotograf\u00eda period\u00edstica, la imagen y el contexto. El valor informativo de la fotograf\u00eda. El valor art\u00edstico. La obtenci\u00f3n de la imagen fotogr\u00e1fica. Estructura de la c\u00e1mara, lentes, films. La formaci\u00f3n de la imagen videogr\u00e1fica y televisiva. Sistemas aditivos y sustractivos del color. Artefactos de iluminaci\u00f3n. La puesta en escena, el decorado y la iluminaci\u00f3n.<\/p>\n<p style=\"font-weight: 400;\"><strong>En el siguiente enlace podr\u00e1n consultar el Proyecto Educativo Institucional:\u00a0<\/strong><a href=\"https:\/\/sabato.unicen.edu.ar\/wp-content\/uploads\/2024\/03\/PEI-PCI-Febrero2022.pdf\" data-saferedirecturl=\"https:\/\/www.google.com\/url?q=https:\/\/sabato.unicen.edu.ar\/wp-content\/uploads\/2024\/03\/PEI-PCI-Febrero2022.pdf&amp;source=gmail&amp;ust=1718466526517000&amp;usg=AOvVaw1AZEerzz8ya_xoFbGJ2s8j\"><strong>https:\/\/sabato.unicen.edu.ar\/wp-content\/uploads\/2024\/03\/PEI-PCI-Febrero2022.pdf<\/strong><\/a><\/p>\n<\/div>\n\t\t<\/div><\/div><div id=\"pgc-1769-0-1\"  class=\"panel-grid-cell\" >\n\t\t<div id=\"panel-1769-0-1-0\" class=\"so-panel widget widget_recent-posts widget_recent_entries panel-first-child panel-last-child\" data-index=\"1\" >\n\t\t<h3 class=\"widget-title\">\u00daltimas Novedades<\/h3>\n\t\t<ul>\n\t\t\t\t\t\t\t\t\t\t\t<li>\n\t\t\t\t\t<a href=\"https:\/\/sabato.unicen.edu.ar\/?p=1810\">La Escuela Sabato convoca a docentes de Sociales, Comunicaci\u00f3n, F\u00edsica, Tecnolog\u00eda y Qu\u00edmica<\/a>\n\t\t\t\t\t\t\t\t\t<\/li>\n\t\t\t\t\t\t\t\t\t\t\t<li>\n\t\t\t\t\t<a href=\"https:\/\/sabato.unicen.edu.ar\/?p=1792\">Se abre la preinscripci\u00f3n para el ciclo 2026<\/a>\n\t\t\t\t\t\t\t\t\t<\/li>\n\t\t\t\t\t\t\t\t\t\t\t<li>\n\t\t\t\t\t<a href=\"https:\/\/sabato.unicen.edu.ar\/?p=1776\">La Escuela Sabato convoca a docentes de Ciencias Sociales<\/a>\n\t\t\t\t\t\t\t\t\t<\/li>\n\t\t\t\t\t\t\t\t\t\t\t<li>\n\t\t\t\t\t<a href=\"https:\/\/sabato.unicen.edu.ar\/?p=1772\">Comienza la preinscripci\u00f3n a 1er a\u00f1o para 2025<\/a>\n\t\t\t\t\t\t\t\t\t<\/li>\n\t\t\t\t\t\t\t\t\t\t\t<li>\n\t\t\t\t\t<a href=\"https:\/\/sabato.unicen.edu.ar\/?p=1769\">La Escuela Sabato convoca a docentes de Fotograf\u00eda<\/a>\n\t\t\t\t\t\t\t\t\t<\/li>\n\t\t\t\t\t<\/ul>\n\n\t\t<\/div><\/div><\/div><\/div>","protected":false},"excerpt":{"rendered":"<p>La Direcci\u00f3n de la Escuela Nacional Ernesto Sabato, conforme a la Resoluci\u00f3n de Rectorado N\u00ba 096\/08, convoca a los interesados en desempe\u00f1arse como\u00a0Profesor\/a Suplente en el Nivel Secundario\u00a0en el espacio curricular de\u00a0FOTOGRAF\u00cdA de Quinto A\u00f1o (Espacio Curricular de Orientaci\u00f3n ARTE) con una carga horaria de\u00a02 horas semanales, los martes de 13.30 a 15.30. Los interesados [&hellip;]<\/p>\n","protected":false},"author":1,"featured_media":1752,"comment_status":"closed","ping_status":"open","sticky":false,"template":"","format":"standard","meta":{"footnotes":""},"categories":[1],"tags":[],"_links":{"self":[{"href":"https:\/\/sabato.unicen.edu.ar\/index.php?rest_route=\/wp\/v2\/posts\/1769"}],"collection":[{"href":"https:\/\/sabato.unicen.edu.ar\/index.php?rest_route=\/wp\/v2\/posts"}],"about":[{"href":"https:\/\/sabato.unicen.edu.ar\/index.php?rest_route=\/wp\/v2\/types\/post"}],"author":[{"embeddable":true,"href":"https:\/\/sabato.unicen.edu.ar\/index.php?rest_route=\/wp\/v2\/users\/1"}],"replies":[{"embeddable":true,"href":"https:\/\/sabato.unicen.edu.ar\/index.php?rest_route=%2Fwp%2Fv2%2Fcomments&post=1769"}],"version-history":[{"count":1,"href":"https:\/\/sabato.unicen.edu.ar\/index.php?rest_route=\/wp\/v2\/posts\/1769\/revisions"}],"predecessor-version":[{"id":1770,"href":"https:\/\/sabato.unicen.edu.ar\/index.php?rest_route=\/wp\/v2\/posts\/1769\/revisions\/1770"}],"wp:featuredmedia":[{"embeddable":true,"href":"https:\/\/sabato.unicen.edu.ar\/index.php?rest_route=\/wp\/v2\/media\/1752"}],"wp:attachment":[{"href":"https:\/\/sabato.unicen.edu.ar\/index.php?rest_route=%2Fwp%2Fv2%2Fmedia&parent=1769"}],"wp:term":[{"taxonomy":"category","embeddable":true,"href":"https:\/\/sabato.unicen.edu.ar\/index.php?rest_route=%2Fwp%2Fv2%2Fcategories&post=1769"},{"taxonomy":"post_tag","embeddable":true,"href":"https:\/\/sabato.unicen.edu.ar\/index.php?rest_route=%2Fwp%2Fv2%2Ftags&post=1769"}],"curies":[{"name":"wp","href":"https:\/\/api.w.org\/{rel}","templated":true}]}}