{"id":1746,"date":"2024-04-15T13:18:18","date_gmt":"2024-04-15T16:18:18","guid":{"rendered":"https:\/\/sabato.unicen.edu.ar\/?p=1746"},"modified":"2024-04-15T13:18:18","modified_gmt":"2024-04-15T16:18:18","slug":"llamado-a-preseleccion-para-cubrir-un-cargo-de-vicedirector-a-en-la-escuela-nacional-ernesto-sabato","status":"publish","type":"post","link":"https:\/\/sabato.unicen.edu.ar\/?p=1746","title":{"rendered":"Llamado a preselecci\u00f3n para cubrir un cargo de VICEDIRECTOR\/A en la Escuela Nacional \u201cErnesto Sabato\u201d"},"content":{"rendered":"<div id=\"pl-1746\"  class=\"panel-layout\" ><div id=\"pg-1746-0\"  class=\"panel-grid panel-no-style\" ><div id=\"pgc-1746-0-0\"  class=\"panel-grid-cell\" ><div id=\"panel-1746-0-0-0\" class=\"so-panel widget widget_text panel-first-child panel-last-child\" data-index=\"0\" >\t\t\t<div class=\"textwidget\"><p><span style=\"font-weight: 400;\">La Secretar\u00eda Acad\u00e9mica de la Universidad Nacional del Centro de la Provincia de Buenos Aires llama a Preselecci\u00f3n de <\/span><b>1 (un)<\/b><span style=\"font-weight: 400;\"> cargo docente de Equipo de Gesti\u00f3n: <\/span><b>Vicedirector\/a &#8211; Escuela Nacional \u201cErnesto Sabato\u201d<\/b><span style=\"font-weight: 400;\">, aprobado por <\/span><b><a href=\"https:\/\/sabato.unicen.edu.ar\/wp-content\/uploads\/2024\/04\/RR056624-LLAMADO-A-VICEDIRECTOR-A.pdf\" target=\"_blank\" rel=\"noopener\">RR N\u00ba 0566\/2024<\/a>.<\/b><\/p>\n<p><span style=\"font-weight: 400;\">Sede: Tandil<\/span><\/p>\n<p><span style=\"font-weight: 400;\">Direcci\u00f3n: Loberia 760<\/span><\/p>\n<p><span style=\"font-weight: 400;\">Tel\u00e9fono: 0249 4385820<\/span><\/p>\n<p><b>DIFUSI\u00d3N: <\/b><b>del 15\/04\/2024 al 24\/05\/2024<\/b><\/p>\n<p><b>INSCRIPCI\u00d3N: del 15\/05\/2024 al 24\/05\/2024\u00a0<\/b><\/p>\n<p><span style=\"font-weight: 400;\">La formalizaci\u00f3n de la inscripci\u00f3n se realizar\u00e1 con el env\u00edo digital (formato PDF) de: Planilla de Inscripci\u00f3n (Anexo I), Curriculum Vitae, <\/span><span style=\"font-weight: 400;\">nota explicando las razones por las que aspira al cargo<\/span><span style=\"font-weight: 400;\">\u00a0 y Propuesta Escrita, a la siguiente direcci\u00f3n de<\/span><b> correo electr\u00f3nico: preseleccionescuelasunicen@gmail.com<\/b><\/p>\n<p><b>IMPORTANTE<\/b><\/p>\n<ul>\n<li aria-level=\"1\"><span style=\"font-weight: 400;\">Se pueden consultar las distintas redes sociales para conocer los aspectos cotidianos de la din\u00e1mica escolar: Facebook: <\/span><b>Ernesto Sabato &#8211; X:@escuela_sabato &#8211; Instagram: escuelanacionalernestosabato.<\/b><\/li>\n<\/ul>\n<p>&nbsp;<\/p>\n<ul>\n<li aria-level=\"1\"><span style=\"font-weight: 400;\">En el caso de considerarlo necesario, y si necesita mantener una entrevista con actores institucionales de la escuela para disponer de mayor informaci\u00f3n, deber\u00e1 dirigirse por mail a <\/span><a href=\"mailto:secretariaenes@sabato.unicen.edu.ar\"><b>secretariaenes@sabato.unicen.edu.ar<\/b><\/a><\/li>\n<\/ul>\n<p><span style=\"font-weight: 400;\">En los siguientes enlaces encontrar\u00e1 informaci\u00f3n espec\u00edfica del <\/span><b>proceso de preselecci\u00f3n<\/b><span style=\"font-weight: 400;\">, funciones, requisitos e informaci\u00f3n relevante para quienes aspiren a postularse para el cargo de Director\/a de la Escuela Nacional \u201cErnesto Sabato\u201d.<\/span><\/p>\n<p><span style=\"font-weight: 400;\">&#8211; Proceso de preselecci\u00f3n de aspirantes para acceder a los cargos de gesti\u00f3n de Instituciones Educativas Preuniversitarias del Nivel Inicial y Nivel Secundario de la UNICEN. <\/span><a href=\"https:\/\/sabato.unicen.edu.ar\/wp-content\/uploads\/2024\/04\/RES.-1179-23.pdf\" target=\"_blank\" rel=\"noopener\"><b>RES. 1179\/2023<\/b><\/a><span style=\"font-weight: 400;\">.<\/span><\/p>\n<p><span style=\"font-weight: 400;\">&#8211; Llamado a Preselecci\u00f3n <\/span><a href=\"https:\/\/sabato.unicen.edu.ar\/wp-content\/uploads\/2024\/04\/RR056624-LLAMADO-A-VICEDIRECTOR-A.pdf\" target=\"_blank\" rel=\"noopener\"><b>RR. 0566\/2024<\/b><\/a><span style=\"font-weight: 400;\">.<\/span><\/p>\n<p><span style=\"font-weight: 400;\">&#8211; Documento <\/span><a href=\"https:\/\/sabato.unicen.edu.ar\/wp-content\/uploads\/2024\/04\/MARCO-PARA-LA-ESCRITURA-DE-LA-PROPUESTA-.pdf\" target=\"_blank\" rel=\"noopener\"><b>\u201c<\/b><b>Marco para la escritura de la propuesta<\/b><b>\u201d<\/b><\/a><\/p>\n<p><span style=\"font-weight: 400;\">&#8211; Planilla de Solicitud de Inscripci\u00f3n &#8211; <\/span><a href=\"https:\/\/sabato.unicen.edu.ar\/wp-content\/uploads\/2024\/04\/ANEXO-I.pdf\" target=\"_blank\" rel=\"noopener\"><b>Anexo I<\/b><\/a><\/p>\n<p><span style=\"font-weight: 400;\">&#8211; <\/span><a href=\"https:\/\/sabato.unicen.edu.ar\/wp-content\/uploads\/2024\/03\/PEI-PCI-Febrero2022.pdf\" target=\"_blank\" rel=\"noopener\"><b>Proyecto Institucional<\/b><\/a><\/p>\n<p><span style=\"font-weight: 400;\">&#8211; <\/span><a href=\"https:\/\/sabato.unicen.edu.ar\/?page_id=1587\" target=\"_blank\" rel=\"noopener\"><b>Normativas<\/b><\/a><\/p>\n<\/div>\n\t\t<\/div><\/div><div id=\"pgc-1746-0-1\"  class=\"panel-grid-cell\" >\n\t\t<div id=\"panel-1746-0-1-0\" class=\"so-panel widget widget_recent-posts widget_recent_entries panel-first-child panel-last-child\" data-index=\"1\" >\n\t\t<h3 class=\"widget-title\">Entradas recientes<\/h3>\n\t\t<ul>\n\t\t\t\t\t\t\t\t\t\t\t<li>\n\t\t\t\t\t<a href=\"https:\/\/sabato.unicen.edu.ar\/?p=1810\">La Escuela Sabato convoca a docentes de Sociales, Comunicaci\u00f3n, F\u00edsica, Tecnolog\u00eda y Qu\u00edmica<\/a>\n\t\t\t\t\t\t\t\t\t<\/li>\n\t\t\t\t\t\t\t\t\t\t\t<li>\n\t\t\t\t\t<a href=\"https:\/\/sabato.unicen.edu.ar\/?p=1792\">Se abre la preinscripci\u00f3n para el ciclo 2026<\/a>\n\t\t\t\t\t\t\t\t\t<\/li>\n\t\t\t\t\t\t\t\t\t\t\t<li>\n\t\t\t\t\t<a href=\"https:\/\/sabato.unicen.edu.ar\/?p=1776\">La Escuela Sabato convoca a docentes de Ciencias Sociales<\/a>\n\t\t\t\t\t\t\t\t\t<\/li>\n\t\t\t\t\t\t\t\t\t\t\t<li>\n\t\t\t\t\t<a href=\"https:\/\/sabato.unicen.edu.ar\/?p=1772\">Comienza la preinscripci\u00f3n a 1er a\u00f1o para 2025<\/a>\n\t\t\t\t\t\t\t\t\t<\/li>\n\t\t\t\t\t\t\t\t\t\t\t<li>\n\t\t\t\t\t<a href=\"https:\/\/sabato.unicen.edu.ar\/?p=1769\">La Escuela Sabato convoca a docentes de Fotograf\u00eda<\/a>\n\t\t\t\t\t\t\t\t\t<\/li>\n\t\t\t\t\t<\/ul>\n\n\t\t<\/div><\/div><\/div><\/div>","protected":false},"excerpt":{"rendered":"<p>La Secretar\u00eda Acad\u00e9mica de la Universidad Nacional del Centro de la Provincia de Buenos Aires llama a Preselecci\u00f3n de 1 (un) cargo docente de Equipo de Gesti\u00f3n: Vicedirector\/a &#8211; Escuela Nacional \u201cErnesto Sabato\u201d, aprobado por RR N\u00ba 0566\/2024.<\/p>\n","protected":false},"author":1,"featured_media":101,"comment_status":"closed","ping_status":"open","sticky":false,"template":"","format":"standard","meta":{"footnotes":""},"categories":[1],"tags":[],"_links":{"self":[{"href":"https:\/\/sabato.unicen.edu.ar\/index.php?rest_route=\/wp\/v2\/posts\/1746"}],"collection":[{"href":"https:\/\/sabato.unicen.edu.ar\/index.php?rest_route=\/wp\/v2\/posts"}],"about":[{"href":"https:\/\/sabato.unicen.edu.ar\/index.php?rest_route=\/wp\/v2\/types\/post"}],"author":[{"embeddable":true,"href":"https:\/\/sabato.unicen.edu.ar\/index.php?rest_route=\/wp\/v2\/users\/1"}],"replies":[{"embeddable":true,"href":"https:\/\/sabato.unicen.edu.ar\/index.php?rest_route=%2Fwp%2Fv2%2Fcomments&post=1746"}],"version-history":[{"count":1,"href":"https:\/\/sabato.unicen.edu.ar\/index.php?rest_route=\/wp\/v2\/posts\/1746\/revisions"}],"predecessor-version":[{"id":1747,"href":"https:\/\/sabato.unicen.edu.ar\/index.php?rest_route=\/wp\/v2\/posts\/1746\/revisions\/1747"}],"wp:featuredmedia":[{"embeddable":true,"href":"https:\/\/sabato.unicen.edu.ar\/index.php?rest_route=\/wp\/v2\/media\/101"}],"wp:attachment":[{"href":"https:\/\/sabato.unicen.edu.ar\/index.php?rest_route=%2Fwp%2Fv2%2Fmedia&parent=1746"}],"wp:term":[{"taxonomy":"category","embeddable":true,"href":"https:\/\/sabato.unicen.edu.ar\/index.php?rest_route=%2Fwp%2Fv2%2Fcategories&post=1746"},{"taxonomy":"post_tag","embeddable":true,"href":"https:\/\/sabato.unicen.edu.ar\/index.php?rest_route=%2Fwp%2Fv2%2Ftags&post=1746"}],"curies":[{"name":"wp","href":"https:\/\/api.w.org\/{rel}","templated":true}]}}