{"id":1689,"date":"2023-09-21T14:10:48","date_gmt":"2023-09-21T12:10:48","guid":{"rendered":"http:\/\/unicen.edu.ar\/sabato\/?p=1689"},"modified":"2023-09-21T14:10:48","modified_gmt":"2023-09-21T12:10:48","slug":"llamado-a-preseleccion-para-cubrir-un-cargo-de-director-a-en-la-escuela-nacional-ernesto-sabato","status":"publish","type":"post","link":"https:\/\/sabato.unicen.edu.ar\/?p=1689","title":{"rendered":"Llamado a preselecci\u00f3n para cubrir un cargo de DIRECTOR\/A en la Escuela Nacional \u201cErnesto Sabato\u201d"},"content":{"rendered":"<div id=\"pl-1689\"  class=\"panel-layout\" ><div id=\"pg-1689-0\"  class=\"panel-grid panel-no-style\" ><div id=\"pgc-1689-0-0\"  class=\"panel-grid-cell\" ><div id=\"panel-1689-0-0-0\" class=\"so-panel widget widget_text panel-first-child panel-last-child\" data-index=\"0\" >\t\t\t<div class=\"textwidget\"><p><span style=\"font-weight: 400;\">La Secretar\u00eda Acad\u00e9mica de la Universidad Nacional del Centro de la Provincia de Buenos Aires llama a Preselecci\u00f3n de <\/span><b>1 (un)<\/b><span style=\"font-weight: 400;\"> cargo docente de Equipo de Gesti\u00f3n: <\/span><b>Director\/a &#8211; Escuela Nacional \u201cErnesto Sabato\u201d<\/b><span style=\"font-weight: 400;\">, aprobado por <\/span><b>RR N\u00ba 1766\/2023.<\/b><\/p>\n<p><span style=\"font-weight: 400;\">Sede: Tandil<\/span><\/p>\n<p><span style=\"font-weight: 400;\">Direcci\u00f3n: Loberia 760<\/span><\/p>\n<p><span style=\"font-weight: 400;\">Tel\u00e9fono: 0249 4430913<\/span><\/p>\n<p><b>DIFUSI\u00d3N: desde el 20\/09\/2023 hasta el 30\/10\/2023<\/b><\/p>\n<p><b>INSCRIPCI\u00d3N: desde el 21\/10\/2023 hasta el 30\/10\/2023 a las 18.00hs.\u00a0<\/b><\/p>\n<p><span style=\"font-weight: 400;\">La formalizaci\u00f3n de la inscripci\u00f3n se realizar\u00e1 con el env\u00edo digital (formato PDF) de: Planilla de Inscripci\u00f3n (Anexo I), Curriculum Vitae y Propuesta Escrita a la siguiente direcci\u00f3n de<\/span><b> correo electr\u00f3nico: preseleccionescuelasunicen@gmail.com<\/b><\/p>\n<p><b>IMPORTANTE<\/b><\/p>\n<ul>\n<li><span style=\"font-weight: 400;\">Se pueden consultar las distintas redes sociales para conocer los aspectos cotidianos de la din\u00e1mica escolar: Facebook: <\/span><b>Ernesto Sabato &#8211; Twitter:@escuela_sabato &#8211; Instagram: escuelanacionalernestosabato.<\/b><\/li>\n<li><span style=\"font-weight: 400;\">En el caso de considerarlo necesario, y si necesita mantener una entrevista con actores institucionales de la escuela para disponer de mayor informaci\u00f3n, deber\u00e1 dirigirse por mail a <\/span><a href=\"mailto:secretariaenes@sabato.unicen.edu.ar\"><b>secretariaenes@sabato.unicen.edu.ar<\/b><\/a><\/li>\n<\/ul>\n<p><span style=\"font-weight: 400;\">En los siguientes enlaces encontrar\u00e1 informaci\u00f3n espec\u00edfica del <\/span><b>proceso de preselecci\u00f3n<\/b><span style=\"font-weight: 400;\">, funciones, requisitos e informaci\u00f3n relevante para quienes aspiren a postularse para el cargo de Director\/a de la Escuela Nacional \u201cErnesto Sabato\u201d.<\/span><\/p>\n<ul>\n<li><a href=\"http:\/\/131.221.0.35\/wp-content\/uploads\/2023\/09\/RES.-1179-23.pdf\" target=\"_blank\" rel=\"noopener\"><span style=\"font-weight: 400;\">Proceso de preselecci\u00f3n de aspirantes para acceder a los cargos de gesti\u00f3n de Instituciones Educativas Preuniversitarias del Nivel Inicial y Nivel Secundario de la UNICEN.<\/span><\/a><\/li>\n<li><a href=\"http:\/\/131.221.0.35\/wp-content\/uploads\/2023\/09\/RR176623.pdf\" target=\"_blank\" rel=\"noopener\"><span style=\"font-weight: 400;\">Llamado a Preselecci\u00f3n<\/span><\/a><\/li>\n<li><a href=\"http:\/\/131.221.0.35\/wp-content\/uploads\/2023\/09\/MARCO-PARA-LA-ESCRITURA-DE-LA-PROPUESTA-.pdf\" target=\"_blank\" rel=\"noopener\"><span style=\"font-weight: 400;\">Documento <\/span><b>\u201c<\/b><b>Marco para la escritura de la propuesta<\/b><b>\u201d<\/b><\/a><\/li>\n<li><a href=\"http:\/\/131.221.0.35\/wp-content\/uploads\/2023\/09\/A-N-E-X-O-I.pdf\" target=\"_blank\" rel=\"noopener\"><span style=\"font-weight: 400;\">Planilla de Solicitud de Inscripci\u00f3n &#8211; Anexo I<\/span><\/a><\/li>\n<li><a href=\"http:\/\/unicen.edu.ar\/sabato\/?page_id=1690\" target=\"_blank\" rel=\"noopener\"><b>Proyecto Institucional<\/b><\/a><\/li>\n<li><a href=\"http:\/\/unicen.edu.ar\/sabato\/?page_id=1587\" target=\"_blank\" rel=\"noopener\"><b>Normativas<\/b><\/a><\/li>\n<\/ul>\n<\/div>\n\t\t<\/div><\/div><div id=\"pgc-1689-0-1\"  class=\"panel-grid-cell\" >\n\t\t<div id=\"panel-1689-0-1-0\" class=\"so-panel widget widget_recent-posts widget_recent_entries panel-first-child panel-last-child\" data-index=\"1\" >\n\t\t<h3 class=\"widget-title\">Entradas recientes<\/h3>\n\t\t<ul>\n\t\t\t\t\t\t\t\t\t\t\t<li>\n\t\t\t\t\t<a href=\"https:\/\/sabato.unicen.edu.ar\/?p=1810\">La Escuela Sabato convoca a docentes de Sociales, Comunicaci\u00f3n, F\u00edsica, Tecnolog\u00eda y Qu\u00edmica<\/a>\n\t\t\t\t\t\t\t\t\t<\/li>\n\t\t\t\t\t\t\t\t\t\t\t<li>\n\t\t\t\t\t<a href=\"https:\/\/sabato.unicen.edu.ar\/?p=1792\">Se abre la preinscripci\u00f3n para el ciclo 2026<\/a>\n\t\t\t\t\t\t\t\t\t<\/li>\n\t\t\t\t\t\t\t\t\t\t\t<li>\n\t\t\t\t\t<a href=\"https:\/\/sabato.unicen.edu.ar\/?p=1776\">La Escuela Sabato convoca a docentes de Ciencias Sociales<\/a>\n\t\t\t\t\t\t\t\t\t<\/li>\n\t\t\t\t\t\t\t\t\t\t\t<li>\n\t\t\t\t\t<a href=\"https:\/\/sabato.unicen.edu.ar\/?p=1772\">Comienza la preinscripci\u00f3n a 1er a\u00f1o para 2025<\/a>\n\t\t\t\t\t\t\t\t\t<\/li>\n\t\t\t\t\t\t\t\t\t\t\t<li>\n\t\t\t\t\t<a href=\"https:\/\/sabato.unicen.edu.ar\/?p=1769\">La Escuela Sabato convoca a docentes de Fotograf\u00eda<\/a>\n\t\t\t\t\t\t\t\t\t<\/li>\n\t\t\t\t\t<\/ul>\n\n\t\t<\/div><\/div><\/div><\/div>","protected":false},"excerpt":{"rendered":"<p>La Secretar\u00eda Acad\u00e9mica de la Universidad Nacional del Centro de la Provincia de Buenos Aires llama a Preselecci\u00f3n de 1 (un) cargo docente de Equipo de Gesti\u00f3n: Director\/a &#8211; Escuela Nacional \u201cErnesto Sabato\u201d<\/p>\n","protected":false},"author":1,"featured_media":101,"comment_status":"closed","ping_status":"open","sticky":false,"template":"","format":"standard","meta":{"footnotes":""},"categories":[1],"tags":[],"_links":{"self":[{"href":"https:\/\/sabato.unicen.edu.ar\/index.php?rest_route=\/wp\/v2\/posts\/1689"}],"collection":[{"href":"https:\/\/sabato.unicen.edu.ar\/index.php?rest_route=\/wp\/v2\/posts"}],"about":[{"href":"https:\/\/sabato.unicen.edu.ar\/index.php?rest_route=\/wp\/v2\/types\/post"}],"author":[{"embeddable":true,"href":"https:\/\/sabato.unicen.edu.ar\/index.php?rest_route=\/wp\/v2\/users\/1"}],"replies":[{"embeddable":true,"href":"https:\/\/sabato.unicen.edu.ar\/index.php?rest_route=%2Fwp%2Fv2%2Fcomments&post=1689"}],"version-history":[{"count":2,"href":"https:\/\/sabato.unicen.edu.ar\/index.php?rest_route=\/wp\/v2\/posts\/1689\/revisions"}],"predecessor-version":[{"id":1694,"href":"https:\/\/sabato.unicen.edu.ar\/index.php?rest_route=\/wp\/v2\/posts\/1689\/revisions\/1694"}],"wp:featuredmedia":[{"embeddable":true,"href":"https:\/\/sabato.unicen.edu.ar\/index.php?rest_route=\/wp\/v2\/media\/101"}],"wp:attachment":[{"href":"https:\/\/sabato.unicen.edu.ar\/index.php?rest_route=%2Fwp%2Fv2%2Fmedia&parent=1689"}],"wp:term":[{"taxonomy":"category","embeddable":true,"href":"https:\/\/sabato.unicen.edu.ar\/index.php?rest_route=%2Fwp%2Fv2%2Fcategories&post=1689"},{"taxonomy":"post_tag","embeddable":true,"href":"https:\/\/sabato.unicen.edu.ar\/index.php?rest_route=%2Fwp%2Fv2%2Ftags&post=1689"}],"curies":[{"name":"wp","href":"https:\/\/api.w.org\/{rel}","templated":true}]}}