{"id":1647,"date":"2023-08-17T20:02:58","date_gmt":"2023-08-17T18:02:58","guid":{"rendered":"http:\/\/unicen.edu.ar\/sabato\/?p=1647"},"modified":"2023-08-17T20:03:46","modified_gmt":"2023-08-17T18:03:46","slug":"la-escuela-ernesto-sabato-convoca-a-docentes-de-salud-y-ambiente","status":"publish","type":"post","link":"https:\/\/sabato.unicen.edu.ar\/?p=1647","title":{"rendered":"La Escuela Ernesto Sabato convoca a docentes de Salud y Ambiente"},"content":{"rendered":"<div id=\"pl-1647\"  class=\"panel-layout\" ><div id=\"pg-1647-0\"  class=\"panel-grid panel-no-style\" ><div id=\"pgc-1647-0-0\"  class=\"panel-grid-cell\" ><div id=\"panel-1647-0-0-0\" class=\"so-panel widget widget_text panel-first-child panel-last-child\" data-index=\"0\" >\t\t\t<div class=\"textwidget\"><p style=\"font-weight: 400;\">La\u00a0Direcci\u00f3n\u00a0de\u00a0la\u00a0Escuela\u00a0Nacional\u00a0Ernesto\u00a0Sabato,\u00a0conforme\u00a0a\u00a0la\u00a0Resoluci\u00f3n\u00a0de\u00a0Rectorado\u00a0N\u00ba\u00a0096\/08,\u00a0convoca\u00a0a\u00a0interesados\u00a0en\u00a0desempe\u00f1arse\u00a0como\u00a0<strong>Profesor\/a\u00a0Suplente\u00a0en\u00a0el\u00a0Nivel\u00a0Secundario\u00a0<\/strong>en\u00a0el\u00a0Espacio\u00a0Curricular\u00a0<strong>Salud y Ambiente. La\u00a0selecci\u00f3n tendr\u00e1 una\u00a0vigencia\u00a0de\u00a0un\u00a0a\u00f1o.<\/strong><\/p>\n<p style=\"font-weight: 400;\">A\u00a0continuaci\u00f3n,\u00a0se\u00a0detalla\u00a0a\u00f1o,\u00a0d\u00edas,\u00a0horarios\u00a0y\u00a0contenidos\u00a0m\u00ednimos\u00a0de\u00a0la\u00a0<strong>necesidad actual\u00a0<\/strong>a\u00a0cubrir: Salud y Ambiente,\u00a0<strong>de\u00a0Primer\u00a0A\u00f1o\u00a0y\u00a0Tercer\u00a0A\u00f1o\u00a0(Espacio\u00a0Curricular\u00a0de\u00a0Tronco\u00a0Com\u00fan)\u00a0<\/strong>con\u00a0una\u00a0carga\u00a0horaria\u00a0de\u00a0una\u00a0hora\u00a0semanal, con una c<strong>arga\u00a0horaria\u00a0para 1er\u00a0<\/strong>A\u00f1o, los viernes\u00a0de\u00a010,55\u00a0a\u00a011,50\u00a0y en 3er\u00a0A\u00f1o, los viernes\u00a0de\u00a011,50\u00a0a\u00a012,45.<\/p>\n<p style=\"font-weight: 400;\">Los interesados deber\u00e1n poseer t\u00edtulo de Profesor o tramo de formaci\u00f3n docente y presentar <strong>Curr\u00edculum Vitae hasta el 22 de agosto inclusive. <\/strong>La\u00a0inscripci\u00f3n\u00a0ser\u00e1\u00a0mediante\u00a0formulario\u00a0de\u00a0Google\u00a0Drive\u00a0(<a href=\"https:\/\/forms.gle\/tQTJWrEiyAf7PbqWA\" data-saferedirecturl=\"https:\/\/www.google.com\/url?q=https:\/\/forms.gle\/tQTJWrEiyAf7PbqWA&amp;source=gmail&amp;ust=1692295577304000&amp;usg=AOvVaw2WBMp3cfT0FQqdAWvcYHMq\"><strong><u>https:\/\/forms.gle\/tQTJWrEiyAf7PbqWA<\/u><\/strong><\/a><strong><u>)\u00a0<\/u><\/strong>en donde deber\u00e1n completar sus datos personales y adjuntar su CV (en formato pdf), denominando el archivo adjunto <strong>Apellido-SALUD\u00a0Y\u00a0AMBIENTE<\/strong><\/p>\n<p style=\"font-weight: 400;\"><strong>Contenidos\u00a0m\u00ednimos<\/strong><\/p>\n<p style=\"font-weight: 400;\"><strong>Primer A\u00f1o:\u00a0<\/strong>impacto humano y ambiente. Ambiente, concepto y componentes. \u00bfCu\u00e1l\u00a0es el papel del hombre en la naturaleza?, la b\u00fasqueda del equilibrio. Recursos\u00a0naturales,\u00a0impacto\u00a0humano,\u00a0desastre\u00a0natural\u00a0y\u00a0problema\u00a0ambiental,\u00a0conceptos.\u00a0Problemas\u00a0ambientales\u00a0locales,\u00a0regionales\u00a0y\u00a0globales,\u00a0estudio\u00a0de\u00a0casos.\u00a0Participaci\u00f3n ciudadana en la resoluci\u00f3n de conflictos ambientales. Ecolog\u00eda urbana,\u00a0principales desaf\u00edos en el medio urbano.<\/p>\n<p style=\"font-weight: 400;\"><strong>Tercer A\u00f1o:\u00a0<\/strong>Crecimiento y Desarrollo, impacto ambiental. El ambiente como\u00a0 sistema. Capacidad de carga y huella ecol\u00f3gica. Crecimiento ilimitado versus recursos limitados. Crecimiento demogr\u00e1fico. Alimentos, agua y energ\u00eda para una poblaci\u00f3n creciente. Impacto de la actividad industrial, la tecnolog\u00eda, las actividades comerciales, el transporte, la producci\u00f3n de energ\u00eda y el consumo. Revoluci\u00f3n verde. Concepto de sustentabilidad. P\u00e9rdida de la biodiversidad y crisis de los ecosistemas. Biolog\u00eda de la conservaci\u00f3n. Acciones para la recuperaci\u00f3n ambiental. Espacios protegidos. Pol\u00edticas ambientales y compromiso social. La comunicaci\u00f3n y el cuidado del ambiente. Las ONG ambientales. La escuela como entorno saludable.<\/p>\n<p style=\"font-weight: 400;\">En\u00a0el\u00a0siguiente\u00a0enlace\u00a0se puede\u00a0consultar\u00a0el\u00a0Proyecto\u00a0Educativo\u00a0Institucional<\/p>\n<p><a href=\"http:\/\/unicen.edu.ar\/sabato\/wp-content\/uploads\/2022\/02\/PEI-PCI-Febrero2022.pdf\">http:\/\/unicen.edu.ar\/sabato\/wp-content\/uploads\/2022\/02\/PEI-PCI-Febrero2022.pdf<\/a><\/p>\n<\/div>\n\t\t<\/div><\/div><div id=\"pgc-1647-0-1\"  class=\"panel-grid-cell\" >\n\t\t<div id=\"panel-1647-0-1-0\" class=\"so-panel widget widget_recent-posts widget_recent_entries panel-first-child panel-last-child\" data-index=\"1\" >\n\t\t<h3 class=\"widget-title\">Entradas recientes<\/h3>\n\t\t<ul>\n\t\t\t\t\t\t\t\t\t\t\t<li>\n\t\t\t\t\t<a href=\"https:\/\/sabato.unicen.edu.ar\/?p=1810\">La Escuela Sabato convoca a docentes de Sociales, Comunicaci\u00f3n, F\u00edsica, Tecnolog\u00eda y Qu\u00edmica<\/a>\n\t\t\t\t\t\t\t\t\t<\/li>\n\t\t\t\t\t\t\t\t\t\t\t<li>\n\t\t\t\t\t<a href=\"https:\/\/sabato.unicen.edu.ar\/?p=1792\">Se abre la preinscripci\u00f3n para el ciclo 2026<\/a>\n\t\t\t\t\t\t\t\t\t<\/li>\n\t\t\t\t\t\t\t\t\t\t\t<li>\n\t\t\t\t\t<a href=\"https:\/\/sabato.unicen.edu.ar\/?p=1776\">La Escuela Sabato convoca a docentes de Ciencias Sociales<\/a>\n\t\t\t\t\t\t\t\t\t<\/li>\n\t\t\t\t\t\t\t\t\t\t\t<li>\n\t\t\t\t\t<a href=\"https:\/\/sabato.unicen.edu.ar\/?p=1772\">Comienza la preinscripci\u00f3n a 1er a\u00f1o para 2025<\/a>\n\t\t\t\t\t\t\t\t\t<\/li>\n\t\t\t\t\t\t\t\t\t\t\t<li>\n\t\t\t\t\t<a href=\"https:\/\/sabato.unicen.edu.ar\/?p=1769\">La Escuela Sabato convoca a docentes de Fotograf\u00eda<\/a>\n\t\t\t\t\t\t\t\t\t<\/li>\n\t\t\t\t\t<\/ul>\n\n\t\t<\/div><\/div><\/div><\/div>","protected":false},"excerpt":{"rendered":"<p>La\u00a0Direcci\u00f3n\u00a0de\u00a0la\u00a0Escuela\u00a0Nacional\u00a0Ernesto\u00a0Sabato,\u00a0conforme\u00a0a\u00a0la\u00a0Resoluci\u00f3n\u00a0de\u00a0Rectorado\u00a0N\u00ba\u00a0096\/08,\u00a0convoca\u00a0a\u00a0interesados\u00a0en\u00a0desempe\u00f1arse\u00a0como\u00a0Profesor\/a\u00a0Suplente\u00a0en\u00a0el\u00a0Nivel\u00a0Secundario\u00a0en\u00a0el\u00a0Espacio\u00a0Curricular\u00a0Salud y Ambiente. La\u00a0selecci\u00f3n tendr\u00e1 una\u00a0vigencia\u00a0de\u00a0un\u00a0a\u00f1o.<\/p>\n","protected":false},"author":1,"featured_media":101,"comment_status":"closed","ping_status":"open","sticky":false,"template":"","format":"standard","meta":{"footnotes":""},"categories":[1],"tags":[],"_links":{"self":[{"href":"https:\/\/sabato.unicen.edu.ar\/index.php?rest_route=\/wp\/v2\/posts\/1647"}],"collection":[{"href":"https:\/\/sabato.unicen.edu.ar\/index.php?rest_route=\/wp\/v2\/posts"}],"about":[{"href":"https:\/\/sabato.unicen.edu.ar\/index.php?rest_route=\/wp\/v2\/types\/post"}],"author":[{"embeddable":true,"href":"https:\/\/sabato.unicen.edu.ar\/index.php?rest_route=\/wp\/v2\/users\/1"}],"replies":[{"embeddable":true,"href":"https:\/\/sabato.unicen.edu.ar\/index.php?rest_route=%2Fwp%2Fv2%2Fcomments&post=1647"}],"version-history":[{"count":4,"href":"https:\/\/sabato.unicen.edu.ar\/index.php?rest_route=\/wp\/v2\/posts\/1647\/revisions"}],"predecessor-version":[{"id":1651,"href":"https:\/\/sabato.unicen.edu.ar\/index.php?rest_route=\/wp\/v2\/posts\/1647\/revisions\/1651"}],"wp:featuredmedia":[{"embeddable":true,"href":"https:\/\/sabato.unicen.edu.ar\/index.php?rest_route=\/wp\/v2\/media\/101"}],"wp:attachment":[{"href":"https:\/\/sabato.unicen.edu.ar\/index.php?rest_route=%2Fwp%2Fv2%2Fmedia&parent=1647"}],"wp:term":[{"taxonomy":"category","embeddable":true,"href":"https:\/\/sabato.unicen.edu.ar\/index.php?rest_route=%2Fwp%2Fv2%2Fcategories&post=1647"},{"taxonomy":"post_tag","embeddable":true,"href":"https:\/\/sabato.unicen.edu.ar\/index.php?rest_route=%2Fwp%2Fv2%2Ftags&post=1647"}],"curies":[{"name":"wp","href":"https:\/\/api.w.org\/{rel}","templated":true}]}}