{"id":1644,"date":"2023-08-03T19:54:05","date_gmt":"2023-08-03T17:54:05","guid":{"rendered":"http:\/\/unicen.edu.ar\/sabato\/?p=1644"},"modified":"2023-08-03T19:54:06","modified_gmt":"2023-08-03T17:54:06","slug":"la-escuela-sabato-convoca-a-docentes-de-tecnologias-y-de-arte","status":"publish","type":"post","link":"https:\/\/sabato.unicen.edu.ar\/?p=1644","title":{"rendered":"La Escuela Sabato convoca a docentes de Tecnolog\u00edas y de Arte"},"content":{"rendered":"<div id=\"pl-1644\"  class=\"panel-layout\" ><div id=\"pg-1644-0\"  class=\"panel-grid panel-no-style\" ><div id=\"pgc-1644-0-0\"  class=\"panel-grid-cell\" ><div id=\"panel-1644-0-0-0\" class=\"so-panel widget widget_text panel-first-child panel-last-child\" data-index=\"0\" >\t\t\t<div class=\"textwidget\"><p style=\"font-weight: 400;\">La Direcci\u00f3n de la Escuela Nacional Ernesto Sabato, conforme a la Resoluci\u00f3n de Rectorado N\u00ba 096\/08, convoca a los interesados en desempe\u00f1arse como profesor\/a suplente en el Nivel Secundario en el Espacio Curricular TECNOLOG\u00cdAS PARA REALIZACI\u00d3N DE PRODUCCIONES de Cuarto A\u00f1o (Espacio Curricular de Tronco Com\u00fan) con una carga horaria de 4 (cuatro) horas semanales, 2 horas por divisi\u00f3n los lunes de 10,55 a 12,55 en Cuarto A\u00f1o B y martes de 8,40 a 10,40 en Cuarto A\u00f1o A<\/p>\n<p style=\"font-weight: 400;\">Los contenidos m\u00ednimos del Espacio Curricular y el Proyecto Educativo Institucional pueden consultarse en\u00a0<a href=\"https:\/\/sabato.unicen.edu.ar\/\" data-saferedirecturl=\"https:\/\/www.google.com\/url?q=http:\/\/131.221.0.35\/wp-content\/uploads\/2022\/02\/PEI-PCI-Febrero2022.pdf&amp;source=gmail&amp;ust=1691077429525000&amp;usg=AOvVaw2R6SrpquKR4zJcWalg_LU0\">http:\/\/unicen.edu.ar\/sabato\/wp-content\/uploads\/2022\/02\/PEI-PCI-Febrero2022.pdf<\/a><\/p>\n<p style=\"font-weight: 400;\">Los interesados deber\u00e1n poseer t\u00edtulo de Profesor o tramo de formaci\u00f3n docente y presentar Curr\u00edculum Vitae hasta el d\u00eda 7 de agosto inclusive. La inscripci\u00f3n se realizar\u00e1 mediante formulario de Google Drive (<a href=\"https:\/\/forms.gle\/9SKVMinZ3xzNNcUd8\" data-saferedirecturl=\"https:\/\/www.google.com\/url?q=https:\/\/forms.gle\/9SKVMinZ3xzNNcUd8&amp;source=gmail&amp;ust=1691077429525000&amp;usg=AOvVaw3O-U8fSC31ae3KL5lFp6ZK\">https:\/\/forms.gle\/9SKVMinZ3xzNNcUd8<\/a>) donde los interesados deber\u00e1n completar sus datos personales y adjuntar su CV (en formato pdf), denominando el archivo adjunto \u201cApellido-TECNOLOG\u00cdAS PARA REALIZACI\u00d3N DE PRODUCCIONES\u201d<\/p>\n<p style=\"font-weight: 400;\">Pensar el Arte<\/p>\n<p style=\"font-weight: 400;\">De la misma manera, se convoca a interesados en el Espacio Curricular PENSAR EL ARTE de Quinto A\u00f1o (Espacio Curricular de Orientaci\u00f3n) con una carga horaria de 2 horas semanales, los jueves de 13,30 a 15,30<\/p>\n<p style=\"font-weight: 400;\">Los contenidos m\u00ednimos de la asignatura incluyen, Pensar el arte desde las disciplinas. Aproximaci\u00f3n a los principios b\u00e1sicos del estudio del arte: Sociolog\u00eda, psicolog\u00eda, antropolog\u00eda e historia del arte: los desaf\u00edos de pensar el arte desde lo interdisciplinar. Cuestiones del arte contempor\u00e1neo: nuevas formas de producci\u00f3n, circulaci\u00f3n y consumo de las producciones art\u00edsticas. El arte ef\u00edmero y la compleja relaci\u00f3n entre arte, ciencia y tecnolog\u00eda. Arte e industrias culturales. Nuevos abordajes al estudio de la producci\u00f3n y el consumo est\u00e9tico. Curadur\u00eda de arte: el papel del curador, la relaci\u00f3n con el p\u00fablico y la aplicaci\u00f3n de nuevas tecnolog\u00edas.<\/p>\n<p style=\"font-weight: 400;\">Los interesados deber\u00e1n poseer t\u00edtulo de Profesor o tramo de formaci\u00f3n docente y presentar Curr\u00edculum Vitae hasta el d\u00eda 7 de agosto inclusive. La inscripci\u00f3n se realizar\u00e1 mediante formulario de Google Drive (<a href=\"https:\/\/forms.gle\/oZcYnyzujwDw1BiS9\" data-saferedirecturl=\"https:\/\/www.google.com\/url?q=https:\/\/forms.gle\/oZcYnyzujwDw1BiS9&amp;source=gmail&amp;ust=1691077429525000&amp;usg=AOvVaw3KkS1nHQc6Xdf4b2genxc1\">https:\/\/forms.gle\/oZcYnyzujwDw1BiS9<\/a>) donde los interesados deber\u00e1n completar sus datos personales y adjuntar su CV (en formato pdf), denominando el archivo adjunto \u201cApellido- PENSAR EL ARTE\u201d<\/p>\n<\/div>\n\t\t<\/div><\/div><div id=\"pgc-1644-0-1\"  class=\"panel-grid-cell\" >\n\t\t<div id=\"panel-1644-0-1-0\" class=\"so-panel widget widget_recent-posts widget_recent_entries panel-first-child panel-last-child\" data-index=\"1\" >\n\t\t<h3 class=\"widget-title\">Entradas recientes<\/h3>\n\t\t<ul>\n\t\t\t\t\t\t\t\t\t\t\t<li>\n\t\t\t\t\t<a href=\"https:\/\/sabato.unicen.edu.ar\/?p=1810\">La Escuela Sabato convoca a docentes de Sociales, Comunicaci\u00f3n, F\u00edsica, Tecnolog\u00eda y Qu\u00edmica<\/a>\n\t\t\t\t\t\t\t\t\t<\/li>\n\t\t\t\t\t\t\t\t\t\t\t<li>\n\t\t\t\t\t<a href=\"https:\/\/sabato.unicen.edu.ar\/?p=1792\">Se abre la preinscripci\u00f3n para el ciclo 2026<\/a>\n\t\t\t\t\t\t\t\t\t<\/li>\n\t\t\t\t\t\t\t\t\t\t\t<li>\n\t\t\t\t\t<a href=\"https:\/\/sabato.unicen.edu.ar\/?p=1776\">La Escuela Sabato convoca a docentes de Ciencias Sociales<\/a>\n\t\t\t\t\t\t\t\t\t<\/li>\n\t\t\t\t\t\t\t\t\t\t\t<li>\n\t\t\t\t\t<a href=\"https:\/\/sabato.unicen.edu.ar\/?p=1772\">Comienza la preinscripci\u00f3n a 1er a\u00f1o para 2025<\/a>\n\t\t\t\t\t\t\t\t\t<\/li>\n\t\t\t\t\t\t\t\t\t\t\t<li>\n\t\t\t\t\t<a href=\"https:\/\/sabato.unicen.edu.ar\/?p=1769\">La Escuela Sabato convoca a docentes de Fotograf\u00eda<\/a>\n\t\t\t\t\t\t\t\t\t<\/li>\n\t\t\t\t\t<\/ul>\n\n\t\t<\/div><\/div><\/div><\/div>","protected":false},"excerpt":{"rendered":"<p>La Direcci\u00f3n de la Escuela Nacional Ernesto Sabato, conforme a la Resoluci\u00f3n de Rectorado N\u00ba 096\/08, convoca a los interesados en desempe\u00f1arse como profesor\/a suplente en el Nivel Secundario<\/p>\n","protected":false},"author":1,"featured_media":101,"comment_status":"closed","ping_status":"open","sticky":false,"template":"","format":"standard","meta":{"footnotes":""},"categories":[1],"tags":[],"_links":{"self":[{"href":"https:\/\/sabato.unicen.edu.ar\/index.php?rest_route=\/wp\/v2\/posts\/1644"}],"collection":[{"href":"https:\/\/sabato.unicen.edu.ar\/index.php?rest_route=\/wp\/v2\/posts"}],"about":[{"href":"https:\/\/sabato.unicen.edu.ar\/index.php?rest_route=\/wp\/v2\/types\/post"}],"author":[{"embeddable":true,"href":"https:\/\/sabato.unicen.edu.ar\/index.php?rest_route=\/wp\/v2\/users\/1"}],"replies":[{"embeddable":true,"href":"https:\/\/sabato.unicen.edu.ar\/index.php?rest_route=%2Fwp%2Fv2%2Fcomments&post=1644"}],"version-history":[{"count":2,"href":"https:\/\/sabato.unicen.edu.ar\/index.php?rest_route=\/wp\/v2\/posts\/1644\/revisions"}],"predecessor-version":[{"id":1646,"href":"https:\/\/sabato.unicen.edu.ar\/index.php?rest_route=\/wp\/v2\/posts\/1644\/revisions\/1646"}],"wp:featuredmedia":[{"embeddable":true,"href":"https:\/\/sabato.unicen.edu.ar\/index.php?rest_route=\/wp\/v2\/media\/101"}],"wp:attachment":[{"href":"https:\/\/sabato.unicen.edu.ar\/index.php?rest_route=%2Fwp%2Fv2%2Fmedia&parent=1644"}],"wp:term":[{"taxonomy":"category","embeddable":true,"href":"https:\/\/sabato.unicen.edu.ar\/index.php?rest_route=%2Fwp%2Fv2%2Fcategories&post=1644"},{"taxonomy":"post_tag","embeddable":true,"href":"https:\/\/sabato.unicen.edu.ar\/index.php?rest_route=%2Fwp%2Fv2%2Ftags&post=1644"}],"curies":[{"name":"wp","href":"https:\/\/api.w.org\/{rel}","templated":true}]}}