{"id":1634,"date":"2023-06-23T20:07:54","date_gmt":"2023-06-23T18:07:54","guid":{"rendered":"http:\/\/unicen.edu.ar\/sabato\/?p=1634"},"modified":"2023-06-23T20:07:54","modified_gmt":"2023-06-23T18:07:54","slug":"se-abre-la-preinscripcion-para-el-ciclo-2024","status":"publish","type":"post","link":"https:\/\/sabato.unicen.edu.ar\/?p=1634","title":{"rendered":"Se abre la preinscripci\u00f3n para el ciclo 2024"},"content":{"rendered":"<div id=\"pl-1634\"  class=\"panel-layout\" ><div id=\"pg-1634-0\"  class=\"panel-grid panel-no-style\" ><div id=\"pgc-1634-0-0\"  class=\"panel-grid-cell\" ><div id=\"panel-1634-0-0-0\" class=\"so-panel widget widget_text panel-first-child panel-last-child\" data-index=\"0\" >\t\t\t<div class=\"textwidget\"><div id=\":86n\" class=\"ii gt\">\n<div id=\":86o\" class=\"a3s aiL \">\n<div dir=\"ltr\">\n<div>\n<div>\n<div dir=\"auto\">La Escuela Nacional Ernesto Sabato, de la Universidad Nacional del Centro de la Provincia de Buenos Aires, abre la preinscripci\u00f3n para aspirantes a ingresar a 1\u00ba A\u00f1o de la escuela secundaria en el Ciclo Lectivo 2024, a partir del 3 de julio y hasta el 1 de septiembre a las 15.<\/div>\n<div dir=\"auto\">La preinscripci\u00f3n se realizar\u00e1 de manera virtual, aunque aquellas familias que no puedan gestionarla virtualmente, podr\u00e1n hacerlo de manera presencial,\u00a0desde el lunes 1\u00ba, al jueves 31 de agosto, en el horario de 11 a 14 en la sede de la escuela.<\/div>\n<div dir=\"auto\">Para realizar la preinscripci\u00f3n online, se deber\u00e1 completar el formulario correspondiente, al que se accede a trav\u00e9s del siguiente enlace:\u00a0<a role=\"link\" href=\"https:\/\/enes.comunidadeduar.com.ar\/preinscripcion?fbclid=IwAR0zphTZsM0jicJfLvDKWi8MjRFrjtL_e4NfY-bTRWKhmrmoITZFETrjeg8\" target=\"_blank\" rel=\"nofollow noopener noreferrer\" data-saferedirecturl=\"https:\/\/www.google.com\/url?q=https:\/\/enes.comunidadeduar.com.ar\/preinscripcion?fbclid%3DIwAR0zphTZsM0jicJfLvDKWi8MjRFrjtL_e4NfY-bTRWKhmrmoITZFETrjeg8&amp;source=gmail&amp;ust=1687628465983000&amp;usg=AOvVaw2EiuxXYHSbOljNNiRA_A3j\">https:\/\/enes.comunidadeduar.<wbr \/>com.ar\/preinscripcion<\/a>\u00a0que estar\u00e1 disponible a partir del 3 de julio de 2023<\/div>\n<div dir=\"auto\">Una vez finalizada su preinscripci\u00f3n, la escuela revisar\u00e1 los datos y luego confirmar\u00e1 al mail indicado en el formulario. El sorteo de ingresantes se realizar\u00e1 el d\u00eda jueves 7 de septiembre a las 18, de manera virtual y se transmitir\u00e1 en vivo para todos los preinscriptos, por medio de una plataforma virtual que oportunamente ser\u00e1 notificada a la comunidad a trav\u00e9s de las redes institucionales de comunicaci\u00f3n de la escuela. Del mismo modo, se enviar\u00e1 el enlace de acceso a los correos electr\u00f3nicos indicados en la preinscripci\u00f3n.<\/div>\n<div dir=\"auto\">Previo al sorteo, el personal de Secretar\u00eda de la escuela colocar\u00e1 -en vivo- los troqueles correspondientes a cada uno de los aspirantes con la debida fiscalizaci\u00f3n.<\/div>\n<div dir=\"auto\">Para m\u00e1s informaci\u00f3n, los interesados podr\u00e1n comunicarse al correo electr\u00f3nico\u00a0<a href=\"mailto:preinscripcionsabato@gmail.com\" target=\"_blank\" rel=\"noopener\">preinscripcionsabato@gmail.com<\/a><\/div>\n<\/div>\n<div>\n<div dir=\"auto\">Cronograma<\/div>\n<div dir=\"auto\">La preinscripci\u00f3n virtual se realizar\u00e1 entre el 3 de julio al 1ero de septiembre, mientras que la presencial ser\u00e1 desde el 1ero de agosto al 31 de agosto, de lunes a viernes de 11 a 14, en la Secretar\u00eda de la Escuela. El sorteo virtual se realizar\u00e1 el viernes 7 de septiembre a las 18<\/div>\n<div dir=\"auto\">El 16 de noviembre, a las 14,30, se llevar\u00e1 a cabo una reuni\u00f3n informativa en la escuela para las familias de los 60 primeros preinscriptos aquellos que hayan resultados sorteados<\/div>\n<\/div>\n<\/div>\n<\/div>\n<div class=\"yj6qo\"><\/div>\n<div class=\"adL\"><\/div>\n<\/div>\n<\/div>\n<div id=\":88t\" class=\"hq gt\"><\/div>\n<\/div>\n\t\t<\/div><\/div><div id=\"pgc-1634-0-1\"  class=\"panel-grid-cell\" >\n\t\t<div id=\"panel-1634-0-1-0\" class=\"so-panel widget widget_recent-posts widget_recent_entries panel-first-child panel-last-child\" data-index=\"1\" >\n\t\t<h3 class=\"widget-title\">Entradas recientes<\/h3>\n\t\t<ul>\n\t\t\t\t\t\t\t\t\t\t\t<li>\n\t\t\t\t\t<a href=\"https:\/\/sabato.unicen.edu.ar\/?p=1810\">La Escuela Sabato convoca a docentes de Sociales, Comunicaci\u00f3n, F\u00edsica, Tecnolog\u00eda y Qu\u00edmica<\/a>\n\t\t\t\t\t\t\t\t\t<\/li>\n\t\t\t\t\t\t\t\t\t\t\t<li>\n\t\t\t\t\t<a href=\"https:\/\/sabato.unicen.edu.ar\/?p=1792\">Se abre la preinscripci\u00f3n para el ciclo 2026<\/a>\n\t\t\t\t\t\t\t\t\t<\/li>\n\t\t\t\t\t\t\t\t\t\t\t<li>\n\t\t\t\t\t<a href=\"https:\/\/sabato.unicen.edu.ar\/?p=1776\">La Escuela Sabato convoca a docentes de Ciencias Sociales<\/a>\n\t\t\t\t\t\t\t\t\t<\/li>\n\t\t\t\t\t\t\t\t\t\t\t<li>\n\t\t\t\t\t<a href=\"https:\/\/sabato.unicen.edu.ar\/?p=1772\">Comienza la preinscripci\u00f3n a 1er a\u00f1o para 2025<\/a>\n\t\t\t\t\t\t\t\t\t<\/li>\n\t\t\t\t\t\t\t\t\t\t\t<li>\n\t\t\t\t\t<a href=\"https:\/\/sabato.unicen.edu.ar\/?p=1769\">La Escuela Sabato convoca a docentes de Fotograf\u00eda<\/a>\n\t\t\t\t\t\t\t\t\t<\/li>\n\t\t\t\t\t<\/ul>\n\n\t\t<\/div><\/div><\/div><\/div>","protected":false},"excerpt":{"rendered":"<p>a Escuela Nacional Ernesto Sabato, de la Universidad Nacional del Centro de la Provincia de Buenos Aires, abre la preinscripci\u00f3n para aspirantes a ingresar a 1\u00ba A\u00f1o de la escuela secundaria en el Ciclo Lectivo 2024, a partir del 3 de julio y hasta el 1 de septiembre a las 15.<\/p>\n","protected":false},"author":1,"featured_media":1635,"comment_status":"closed","ping_status":"open","sticky":false,"template":"","format":"standard","meta":{"footnotes":""},"categories":[1],"tags":[],"_links":{"self":[{"href":"https:\/\/sabato.unicen.edu.ar\/index.php?rest_route=\/wp\/v2\/posts\/1634"}],"collection":[{"href":"https:\/\/sabato.unicen.edu.ar\/index.php?rest_route=\/wp\/v2\/posts"}],"about":[{"href":"https:\/\/sabato.unicen.edu.ar\/index.php?rest_route=\/wp\/v2\/types\/post"}],"author":[{"embeddable":true,"href":"https:\/\/sabato.unicen.edu.ar\/index.php?rest_route=\/wp\/v2\/users\/1"}],"replies":[{"embeddable":true,"href":"https:\/\/sabato.unicen.edu.ar\/index.php?rest_route=%2Fwp%2Fv2%2Fcomments&post=1634"}],"version-history":[{"count":4,"href":"https:\/\/sabato.unicen.edu.ar\/index.php?rest_route=\/wp\/v2\/posts\/1634\/revisions"}],"predecessor-version":[{"id":1639,"href":"https:\/\/sabato.unicen.edu.ar\/index.php?rest_route=\/wp\/v2\/posts\/1634\/revisions\/1639"}],"wp:featuredmedia":[{"embeddable":true,"href":"https:\/\/sabato.unicen.edu.ar\/index.php?rest_route=\/wp\/v2\/media\/1635"}],"wp:attachment":[{"href":"https:\/\/sabato.unicen.edu.ar\/index.php?rest_route=%2Fwp%2Fv2%2Fmedia&parent=1634"}],"wp:term":[{"taxonomy":"category","embeddable":true,"href":"https:\/\/sabato.unicen.edu.ar\/index.php?rest_route=%2Fwp%2Fv2%2Fcategories&post=1634"},{"taxonomy":"post_tag","embeddable":true,"href":"https:\/\/sabato.unicen.edu.ar\/index.php?rest_route=%2Fwp%2Fv2%2Ftags&post=1634"}],"curies":[{"name":"wp","href":"https:\/\/api.w.org\/{rel}","templated":true}]}}