{"id":1631,"date":"2023-04-27T18:50:01","date_gmt":"2023-04-27T16:50:01","guid":{"rendered":"http:\/\/unicen.edu.ar\/sabato\/?p=1631"},"modified":"2023-04-27T18:50:02","modified_gmt":"2023-04-27T16:50:02","slug":"la-escuela-sabato-convoca-a-docentes-de-ingles","status":"publish","type":"post","link":"https:\/\/sabato.unicen.edu.ar\/?p=1631","title":{"rendered":"La Escuela Sabato convoca a docentes de Ingl\u00e9s"},"content":{"rendered":"<div id=\"pl-1631\"  class=\"panel-layout\" ><div id=\"pg-1631-0\"  class=\"panel-grid panel-no-style\" ><div id=\"pgc-1631-0-0\"  class=\"panel-grid-cell\" ><div id=\"panel-1631-0-0-0\" class=\"so-panel widget widget_text panel-first-child panel-last-child\" data-index=\"0\" >\t\t\t<div class=\"textwidget\"><p style=\"font-weight: 400;\">La Direcci\u00f3n de la Escuela Nacional Ernesto Sabato, conforme a la Resoluci\u00f3n de Rectorado N\u00ba 096\/08, convoca a los interesad@s en desempe\u00f1arse como Profesor\/a Suplente en el Nivel Secundario en el Espacio Curricular de INGL\u00c9S, para el CICLO SUPERIOR, con una carga horaria de 5 horas semanales, de lunes a viernes, de 7.30 a 8:30.<\/p>\n<p style=\"font-weight: 400;\">L@s interesad@s deber\u00e1n poseer t\u00edtulo de Profesor o tramo de formaci\u00f3n docente y presentar Curr\u00edculum Vitae desde el 26\/04\/2023 hasta el 03\/05\/2023 inclusive. La inscripci\u00f3n ser\u00e1 mediante formulario de Google Drive en donde deber\u00e1n completar sus datos personales y adjuntar su CV (en formato pdf), , denominando el archivo adjunto: Apellido-INGL\u00c9S.<\/p>\n<p>Enlace de Inscripci\u00f3n: <a href=\"https:\/\/forms.gle\/5RZcMPmPXLVzmhqA6\">https:\/\/forms.gle\/5RZcMPmPXLVzmhqA6<\/a><\/p>\n<p>Para consultar el Proyecto Educativo Institucional: <a href=\"http:\/\/unicen.edu.ar\/sabato\/wp-content\/uploads\/2022\/02\/PEI-PCI-Febrero2022.pdf\">http:\/\/unicen.edu.ar\/sabato\/wp-content\/uploads\/2022\/02\/PEI-PCI-Febrero2022.pdf<\/a><\/p>\n<\/div>\n\t\t<\/div><\/div><div id=\"pgc-1631-0-1\"  class=\"panel-grid-cell\" >\n\t\t<div id=\"panel-1631-0-1-0\" class=\"so-panel widget widget_recent-posts widget_recent_entries panel-first-child panel-last-child\" data-index=\"1\" >\n\t\t<h3 class=\"widget-title\">Entradas recientes<\/h3>\n\t\t<ul>\n\t\t\t\t\t\t\t\t\t\t\t<li>\n\t\t\t\t\t<a href=\"https:\/\/sabato.unicen.edu.ar\/?p=1810\">La Escuela Sabato convoca a docentes de Sociales, Comunicaci\u00f3n, F\u00edsica, Tecnolog\u00eda y Qu\u00edmica<\/a>\n\t\t\t\t\t\t\t\t\t<\/li>\n\t\t\t\t\t\t\t\t\t\t\t<li>\n\t\t\t\t\t<a href=\"https:\/\/sabato.unicen.edu.ar\/?p=1792\">Se abre la preinscripci\u00f3n para el ciclo 2026<\/a>\n\t\t\t\t\t\t\t\t\t<\/li>\n\t\t\t\t\t\t\t\t\t\t\t<li>\n\t\t\t\t\t<a href=\"https:\/\/sabato.unicen.edu.ar\/?p=1776\">La Escuela Sabato convoca a docentes de Ciencias Sociales<\/a>\n\t\t\t\t\t\t\t\t\t<\/li>\n\t\t\t\t\t\t\t\t\t\t\t<li>\n\t\t\t\t\t<a href=\"https:\/\/sabato.unicen.edu.ar\/?p=1772\">Comienza la preinscripci\u00f3n a 1er a\u00f1o para 2025<\/a>\n\t\t\t\t\t\t\t\t\t<\/li>\n\t\t\t\t\t\t\t\t\t\t\t<li>\n\t\t\t\t\t<a href=\"https:\/\/sabato.unicen.edu.ar\/?p=1769\">La Escuela Sabato convoca a docentes de Fotograf\u00eda<\/a>\n\t\t\t\t\t\t\t\t\t<\/li>\n\t\t\t\t\t<\/ul>\n\n\t\t<\/div><\/div><\/div><\/div>","protected":false},"excerpt":{"rendered":"<p>La Direcci\u00f3n de la Escuela Nacional Ernesto Sabato, conforme a la Resoluci\u00f3n de Rectorado N\u00ba 096\/08, convoca a los interesad@s en desempe\u00f1arse como Profesor\/a Suplente en el Nivel Secundario en el Espacio Curricular de INGL\u00c9S, para el CICLO SUPERIOR<\/p>\n","protected":false},"author":1,"featured_media":101,"comment_status":"closed","ping_status":"open","sticky":false,"template":"","format":"standard","meta":{"footnotes":""},"categories":[1],"tags":[],"_links":{"self":[{"href":"https:\/\/sabato.unicen.edu.ar\/index.php?rest_route=\/wp\/v2\/posts\/1631"}],"collection":[{"href":"https:\/\/sabato.unicen.edu.ar\/index.php?rest_route=\/wp\/v2\/posts"}],"about":[{"href":"https:\/\/sabato.unicen.edu.ar\/index.php?rest_route=\/wp\/v2\/types\/post"}],"author":[{"embeddable":true,"href":"https:\/\/sabato.unicen.edu.ar\/index.php?rest_route=\/wp\/v2\/users\/1"}],"replies":[{"embeddable":true,"href":"https:\/\/sabato.unicen.edu.ar\/index.php?rest_route=%2Fwp%2Fv2%2Fcomments&post=1631"}],"version-history":[{"count":2,"href":"https:\/\/sabato.unicen.edu.ar\/index.php?rest_route=\/wp\/v2\/posts\/1631\/revisions"}],"predecessor-version":[{"id":1633,"href":"https:\/\/sabato.unicen.edu.ar\/index.php?rest_route=\/wp\/v2\/posts\/1631\/revisions\/1633"}],"wp:featuredmedia":[{"embeddable":true,"href":"https:\/\/sabato.unicen.edu.ar\/index.php?rest_route=\/wp\/v2\/media\/101"}],"wp:attachment":[{"href":"https:\/\/sabato.unicen.edu.ar\/index.php?rest_route=%2Fwp%2Fv2%2Fmedia&parent=1631"}],"wp:term":[{"taxonomy":"category","embeddable":true,"href":"https:\/\/sabato.unicen.edu.ar\/index.php?rest_route=%2Fwp%2Fv2%2Fcategories&post=1631"},{"taxonomy":"post_tag","embeddable":true,"href":"https:\/\/sabato.unicen.edu.ar\/index.php?rest_route=%2Fwp%2Fv2%2Ftags&post=1631"}],"curies":[{"name":"wp","href":"https:\/\/api.w.org\/{rel}","templated":true}]}}