{"id":1487,"date":"2021-11-16T21:13:31","date_gmt":"2021-11-16T20:13:31","guid":{"rendered":"http:\/\/unicen.edu.ar\/sabato\/?p=1487"},"modified":"2022-03-29T21:16:16","modified_gmt":"2022-03-29T19:16:16","slug":"llamado-a-seleccion-docente-en-la-escuela-sabato-y-en-perez-esquivel","status":"publish","type":"post","link":"https:\/\/sabato.unicen.edu.ar\/?p=1487","title":{"rendered":"Llamado a selecci\u00f3n docente en la Escuela Sabato y en P\u00e9rez Esquivel"},"content":{"rendered":"<div id=\"pl-1487\"  class=\"panel-layout\" ><div id=\"pg-1487-0\"  class=\"panel-grid panel-no-style\" ><div id=\"pgc-1487-0-0\"  class=\"panel-grid-cell\" ><div id=\"panel-1487-0-0-0\" class=\"so-panel widget widget_text panel-first-child panel-last-child\" data-index=\"0\" >\t\t\t<div class=\"textwidget\"><p>La Direcci\u00f3n de la Escuela Nacional Ernesto Sabato de Tandil, y de la Escuela Nacional Adolfo P\u00e9rez Esquivel de Olavarr\u00eda, pertenecientes a la UNICEN, llaman a inscripci\u00f3n para cubrir los cargos de profesores de las asignaturas Teor\u00eda de las Artes Contempor\u00e1neas y Artes Audiovisuales del \u00c1rea Arte, y de la asignatura Comunicaci\u00f3n, del \u00c1rea de Ciencias Sociales, todas pertenecientes al Tronco Com\u00fan.<\/p>\n<p>Los y las interesadas, deber\u00e1 realizar la inscripci\u00f3n en la dependencia correspondiente al lugar donde desea desempe\u00f1arse. Las inscripciones se desarrollar\u00e1n entre el 24 de noviembre y las 12 horas del d\u00eda 16 de diciembre.<\/p>\n<p>Para mayor informaci\u00f3n sobre funciones espec\u00edficas, requisitos, bases y otra informaci\u00f3n necesaria, consultar en el sitio web de la Escuela Ernesto Sabato: <a href=\"https:\/\/sabato.unicen.edu.ar\/\">https:\/\/sabato.unicen.edu.ar\/<\/a><\/p>\n<p>Para el caso de la Escuela Nacional Adolfo P\u00e9rez Esquivel, consultar en <a href=\"http:\/\/www.enape.unicen.edu.ar\/\">http:\/\/www.enape.unicen.edu.ar\/<\/a>, secci\u00f3n PROYECTO EDUCATIVO y REGLAMENTOS. El link para consultar la documentaci\u00f3n requerida es <a href=\"https:\/\/drive.google.com\/drive\/folders\/1Lp8Hkn-6t7ioGeGFVIqbPDDni4DUdyMR?usp=sharing\">https:\/\/drive.google.com\/drive\/folders\/1Lp8Hkn-6t7ioGeGFVIqbPDDni4DUdyMR?usp=sharing<\/a><\/p>\n<\/div>\n\t\t<\/div><\/div><div id=\"pgc-1487-0-1\"  class=\"panel-grid-cell\" >\n\t\t<div id=\"panel-1487-0-1-0\" class=\"so-panel widget widget_recent-posts widget_recent_entries panel-first-child panel-last-child\" data-index=\"1\" >\n\t\t<h3 class=\"widget-title\">\u00daltimas Noticias<\/h3>\n\t\t<ul>\n\t\t\t\t\t\t\t\t\t\t\t<li>\n\t\t\t\t\t<a href=\"https:\/\/sabato.unicen.edu.ar\/?p=1810\">La Escuela Sabato convoca a docentes de Sociales, Comunicaci\u00f3n, F\u00edsica, Tecnolog\u00eda y Qu\u00edmica<\/a>\n\t\t\t\t\t\t\t\t\t<\/li>\n\t\t\t\t\t\t\t\t\t\t\t<li>\n\t\t\t\t\t<a href=\"https:\/\/sabato.unicen.edu.ar\/?p=1792\">Se abre la preinscripci\u00f3n para el ciclo 2026<\/a>\n\t\t\t\t\t\t\t\t\t<\/li>\n\t\t\t\t\t\t\t\t\t\t\t<li>\n\t\t\t\t\t<a href=\"https:\/\/sabato.unicen.edu.ar\/?p=1776\">La Escuela Sabato convoca a docentes de Ciencias Sociales<\/a>\n\t\t\t\t\t\t\t\t\t<\/li>\n\t\t\t\t\t\t\t\t\t\t\t<li>\n\t\t\t\t\t<a href=\"https:\/\/sabato.unicen.edu.ar\/?p=1772\">Comienza la preinscripci\u00f3n a 1er a\u00f1o para 2025<\/a>\n\t\t\t\t\t\t\t\t\t<\/li>\n\t\t\t\t\t\t\t\t\t\t\t<li>\n\t\t\t\t\t<a href=\"https:\/\/sabato.unicen.edu.ar\/?p=1769\">La Escuela Sabato convoca a docentes de Fotograf\u00eda<\/a>\n\t\t\t\t\t\t\t\t\t<\/li>\n\t\t\t\t\t<\/ul>\n\n\t\t<\/div><\/div><\/div><\/div>","protected":false},"excerpt":{"rendered":"<p>La Direcci\u00f3n de la Escuela Nacional Ernesto Sabato de Tandil, y de la Escuela Nacional Adolfo P\u00e9rez Esquivel de Olavarr\u00eda, pertenecientes a la UNICEN, llaman a inscripci\u00f3n para cubrir los cargos de profesores de las asignaturas Teor\u00eda de las Artes Contempor\u00e1neas y Artes Audiovisuales del \u00c1rea Arte, y de la asignatura Comunicaci\u00f3n, del \u00c1rea de [&hellip;]<\/p>\n","protected":false},"author":1,"featured_media":101,"comment_status":"closed","ping_status":"open","sticky":false,"template":"","format":"standard","meta":{"footnotes":""},"categories":[1],"tags":[],"_links":{"self":[{"href":"https:\/\/sabato.unicen.edu.ar\/index.php?rest_route=\/wp\/v2\/posts\/1487"}],"collection":[{"href":"https:\/\/sabato.unicen.edu.ar\/index.php?rest_route=\/wp\/v2\/posts"}],"about":[{"href":"https:\/\/sabato.unicen.edu.ar\/index.php?rest_route=\/wp\/v2\/types\/post"}],"author":[{"embeddable":true,"href":"https:\/\/sabato.unicen.edu.ar\/index.php?rest_route=\/wp\/v2\/users\/1"}],"replies":[{"embeddable":true,"href":"https:\/\/sabato.unicen.edu.ar\/index.php?rest_route=%2Fwp%2Fv2%2Fcomments&post=1487"}],"version-history":[{"count":2,"href":"https:\/\/sabato.unicen.edu.ar\/index.php?rest_route=\/wp\/v2\/posts\/1487\/revisions"}],"predecessor-version":[{"id":1489,"href":"https:\/\/sabato.unicen.edu.ar\/index.php?rest_route=\/wp\/v2\/posts\/1487\/revisions\/1489"}],"wp:featuredmedia":[{"embeddable":true,"href":"https:\/\/sabato.unicen.edu.ar\/index.php?rest_route=\/wp\/v2\/media\/101"}],"wp:attachment":[{"href":"https:\/\/sabato.unicen.edu.ar\/index.php?rest_route=%2Fwp%2Fv2%2Fmedia&parent=1487"}],"wp:term":[{"taxonomy":"category","embeddable":true,"href":"https:\/\/sabato.unicen.edu.ar\/index.php?rest_route=%2Fwp%2Fv2%2Fcategories&post=1487"},{"taxonomy":"post_tag","embeddable":true,"href":"https:\/\/sabato.unicen.edu.ar\/index.php?rest_route=%2Fwp%2Fv2%2Ftags&post=1487"}],"curies":[{"name":"wp","href":"https:\/\/api.w.org\/{rel}","templated":true}]}}