{"id":1482,"date":"2021-11-12T17:41:43","date_gmt":"2021-11-12T16:41:43","guid":{"rendered":"http:\/\/unicen.edu.ar\/sabato\/?p=1482"},"modified":"2022-03-29T17:42:04","modified_gmt":"2022-03-29T15:42:04","slug":"el-alumno-facundo-vazquez-llego-al-nacional-de-la-olimpiada-de-matematica","status":"publish","type":"post","link":"https:\/\/sabato.unicen.edu.ar\/?p=1482","title":{"rendered":"El alumno Facundo V\u00e1zquez lleg\u00f3 al nacional de la Olimp\u00edada de Matem\u00e1tica"},"content":{"rendered":"<div id=\"pl-1482\"  class=\"panel-layout\" ><div id=\"pg-1482-0\"  class=\"panel-grid panel-no-style\" ><div id=\"pgc-1482-0-0\"  class=\"panel-grid-cell\" ><div id=\"panel-1482-0-0-0\" class=\"so-panel widget widget_text panel-first-child panel-last-child\" data-index=\"0\" >\t\t\t<div class=\"textwidget\"><p>El alumno de 2do A, Facundo V\u00e1zquez particip\u00f3, el pasado 9 y 10 de noviembre del Certamen Nacional de OMA, la olimp\u00edada de Matem\u00e1tica, que este a\u00f1o se desarroll\u00f3 de manera virtual.<\/p>\n<p>Facundo, junto a tres estudiantes de nuestra ciudad, participaron de esta \u00faltima instancia, luego de superar las locales y las regionales. En esta\u00a0 oportunidad, los y las competidoras, concursaron desde la sede de la C\u00e1mara Empresaria de Tandil, a lo largo de dos jornadas de cuatro horas cada una<\/p>\n<p>\u00a1Felicitaciones Facundo por tu esfuerzo y dedicaci\u00f3n!<\/p>\n<p><img loading=\"lazy\" decoding=\"async\" class=\"aligncenter wp-image-1484\" src=\"http:\/\/131.221.0.35\/wp-content\/uploads\/2022\/03\/Facundo-V\u00e1zquez-225x300.jpg\" alt=\"\" width=\"400\" height=\"534\" srcset=\"https:\/\/sabato.unicen.edu.ar\/wp-content\/uploads\/2022\/03\/Facundo-V\u00e1zquez-225x300.jpg 225w, https:\/\/sabato.unicen.edu.ar\/wp-content\/uploads\/2022\/03\/Facundo-V\u00e1zquez.jpg 616w\" sizes=\"(max-width: 400px) 100vw, 400px\" \/><\/p>\n<\/div>\n\t\t<\/div><\/div><div id=\"pgc-1482-0-1\"  class=\"panel-grid-cell\" >\n\t\t<div id=\"panel-1482-0-1-0\" class=\"so-panel widget widget_recent-posts widget_recent_entries panel-first-child\" data-index=\"1\" >\n\t\t<h3 class=\"widget-title\">\u00daltimas Noticias<\/h3>\n\t\t<ul>\n\t\t\t\t\t\t\t\t\t\t\t<li>\n\t\t\t\t\t<a href=\"https:\/\/sabato.unicen.edu.ar\/?p=1810\">La Escuela Sabato convoca a docentes de Sociales, Comunicaci\u00f3n, F\u00edsica, Tecnolog\u00eda y Qu\u00edmica<\/a>\n\t\t\t\t\t\t\t\t\t<\/li>\n\t\t\t\t\t\t\t\t\t\t\t<li>\n\t\t\t\t\t<a href=\"https:\/\/sabato.unicen.edu.ar\/?p=1792\">Se abre la preinscripci\u00f3n para el ciclo 2026<\/a>\n\t\t\t\t\t\t\t\t\t<\/li>\n\t\t\t\t\t\t\t\t\t\t\t<li>\n\t\t\t\t\t<a href=\"https:\/\/sabato.unicen.edu.ar\/?p=1776\">La Escuela Sabato convoca a docentes de Ciencias Sociales<\/a>\n\t\t\t\t\t\t\t\t\t<\/li>\n\t\t\t\t\t\t\t\t\t\t\t<li>\n\t\t\t\t\t<a href=\"https:\/\/sabato.unicen.edu.ar\/?p=1772\">Comienza la preinscripci\u00f3n a 1er a\u00f1o para 2025<\/a>\n\t\t\t\t\t\t\t\t\t<\/li>\n\t\t\t\t\t\t\t\t\t\t\t<li>\n\t\t\t\t\t<a href=\"https:\/\/sabato.unicen.edu.ar\/?p=1769\">La Escuela Sabato convoca a docentes de Fotograf\u00eda<\/a>\n\t\t\t\t\t\t\t\t\t<\/li>\n\t\t\t\t\t<\/ul>\n\n\t\t<\/div><div id=\"panel-1482-0-1-1\" class=\"so-panel widget widget_lsi_widget panel-last-child\" data-index=\"2\" ><h3 class=\"widget-title\">Segu\u00ednos<\/h3><ul class=\"lsi-social-icons icon-set-widget-0-1-1\" style=\"text-align: left\"><li class=\"lsi-social-facebook\"><a class=\"\" rel=\"nofollow\" title=\"Facebook\" aria-label=\"Facebook\" href=\"https:\/\/www.facebook.com\/escuelanacional.ernestosabato\" ><i class=\"lsicon lsicon-facebook\"><\/i><\/a><\/li><li class=\"lsi-social-instagram\"><a class=\"\" rel=\"nofollow\" title=\"Instagram\" aria-label=\"Instagram\" href=\"https:\/\/www.instagram.com\/ernestoescsabato\/\" ><i class=\"lsicon lsicon-instagram\"><\/i><\/a><\/li><li class=\"lsi-social-twitter\"><a class=\"\" rel=\"nofollow\" title=\"Twitter\" aria-label=\"Twitter\" href=\"https:\/\/twitter.com\/escuela_sabato\" ><i class=\"lsicon lsicon-twitter\"><\/i><\/a><\/li><li class=\"lsi-social-youtube\"><a class=\"\" rel=\"nofollow\" title=\"YouTube\" aria-label=\"YouTube\" href=\"https:\/\/www.youtube.com\/channel\/UCpKc9ebFFPjy4Ta9y-xNJDg\" ><i class=\"lsicon lsicon-youtube\"><\/i><\/a><\/li><\/ul><\/div><\/div><\/div><\/div>","protected":false},"excerpt":{"rendered":"<p>El alumno de 2do A, Facundo V\u00e1zquez particip\u00f3, el pasado 9 y 10 de noviembre del Certamen Nacional de OMA, la olimp\u00edada de Matem\u00e1tica, que este a\u00f1o se desarroll\u00f3 de manera virtual. Facundo, junto a tres estudiantes de nuestra ciudad, participaron de esta \u00faltima instancia, luego de superar las locales y las regionales. En esta\u00a0 [&hellip;]<\/p>\n","protected":false},"author":1,"featured_media":1483,"comment_status":"closed","ping_status":"open","sticky":false,"template":"","format":"standard","meta":{"footnotes":""},"categories":[1],"tags":[],"_links":{"self":[{"href":"https:\/\/sabato.unicen.edu.ar\/index.php?rest_route=\/wp\/v2\/posts\/1482"}],"collection":[{"href":"https:\/\/sabato.unicen.edu.ar\/index.php?rest_route=\/wp\/v2\/posts"}],"about":[{"href":"https:\/\/sabato.unicen.edu.ar\/index.php?rest_route=\/wp\/v2\/types\/post"}],"author":[{"embeddable":true,"href":"https:\/\/sabato.unicen.edu.ar\/index.php?rest_route=\/wp\/v2\/users\/1"}],"replies":[{"embeddable":true,"href":"https:\/\/sabato.unicen.edu.ar\/index.php?rest_route=%2Fwp%2Fv2%2Fcomments&post=1482"}],"version-history":[{"count":2,"href":"https:\/\/sabato.unicen.edu.ar\/index.php?rest_route=\/wp\/v2\/posts\/1482\/revisions"}],"predecessor-version":[{"id":1486,"href":"https:\/\/sabato.unicen.edu.ar\/index.php?rest_route=\/wp\/v2\/posts\/1482\/revisions\/1486"}],"wp:featuredmedia":[{"embeddable":true,"href":"https:\/\/sabato.unicen.edu.ar\/index.php?rest_route=\/wp\/v2\/media\/1483"}],"wp:attachment":[{"href":"https:\/\/sabato.unicen.edu.ar\/index.php?rest_route=%2Fwp%2Fv2%2Fmedia&parent=1482"}],"wp:term":[{"taxonomy":"category","embeddable":true,"href":"https:\/\/sabato.unicen.edu.ar\/index.php?rest_route=%2Fwp%2Fv2%2Fcategories&post=1482"},{"taxonomy":"post_tag","embeddable":true,"href":"https:\/\/sabato.unicen.edu.ar\/index.php?rest_route=%2Fwp%2Fv2%2Ftags&post=1482"}],"curies":[{"name":"wp","href":"https:\/\/api.w.org\/{rel}","templated":true}]}}