{"id":1362,"date":"2021-08-05T18:12:47","date_gmt":"2021-08-05T16:12:47","guid":{"rendered":"http:\/\/131.221.0.35\/?p=1362"},"modified":"2021-08-05T18:13:29","modified_gmt":"2021-08-05T16:13:29","slug":"llamado-a-seleccion-para-cubrir-la-prosecretaria-de-los-preuniversitarios-de-tandil-y-olavarria","status":"publish","type":"post","link":"https:\/\/sabato.unicen.edu.ar\/?p=1362","title":{"rendered":"Llamado a selecci\u00f3n para cubrir la Prosecretar\u00eda de los preuniversitarios de Tandil y Olavarr\u00eda"},"content":{"rendered":"<div id=\"pl-1362\"  class=\"panel-layout\" ><div id=\"pg-1362-0\"  class=\"panel-grid panel-no-style\" ><div id=\"pgc-1362-0-0\"  class=\"panel-grid-cell\" ><div id=\"panel-1362-0-0-0\" class=\"so-panel widget widget_text panel-first-child panel-last-child\" data-index=\"0\" >\t\t\t<div class=\"textwidget\"><p><span style=\"font-weight: 400;\">La Direcci\u00f3n de las escuelas Ernesto Sabato de Tandil y Adolfo P\u00e9rez Esquivel de Olavarr\u00eda, de la UNICEN llaman a selecci\u00f3n provisoria, para el cargo de Prosecretario\/a de ambas escuelas secundarias.\u00a0<\/span><\/p>\n<p><span style=\"font-weight: 400;\">La convocatoria, a partir de la Resoluci\u00f3n del Rectorado Nro. 376 del pasado 2 de agosto, es abierta a todos los docentes del nivel secundario, cualquiera sea la jurisdicci\u00f3n.\u00a0<\/span><\/p>\n<p><span style=\"font-weight: 400;\">El cargo motivo de esta selecci\u00f3n, ser\u00e1 provisorio -no provisional- hasta tanto se realicen los concursos correspondientes y la permanencia en el cargo, est\u00e1 supeditada a la evaluaci\u00f3n de desempe\u00f1o, como en el caso de todos los docentes de las escuelas de la UNICEN.<\/span><\/p>\n<p><span style=\"font-weight: 400;\">Los y las aspirantes, podr\u00e1n solicitar entrevistas con los directivos de las escuelas para realizar consultas sobre cuestiones institucionales en general, y del cargo en particular, as\u00ed como para recibir las orientaciones que consideren necesarias.\u00a0<\/span><\/p>\n<p><span style=\"font-weight: 400;\">Para tal finalidad deber\u00e1n escribir a Escuela Ernesto Sabato: <\/span><a href=\"mailto:equipogestionenes@gmail.com\"><span style=\"font-weight: 400;\">equipogestionenes@gmail.com<\/span><\/a><span style=\"font-weight: 400;\"> y para el caso de la Escuela A. P\u00e9rez Esquivel: patricia.bavio@enape.unicen.edu.ar \u00f3 victoria.martinez@enape.unicen.edu.ar<\/span><\/p>\n<p><span style=\"font-weight: 400;\">Entre los requisitos para acceder al cargo, de detallan: poseer t\u00edtulo docente habilitante para el nivel secundario (Profesor o tramo pedag\u00f3gico concluido); tener 2 \u00f3 m\u00e1s a\u00f1os de experiencia en el nivel secundario; contar con conocimientos del PEI de las escuelas de la UNICEN; poseer conocimientos de las normativas generales de las Escuelas, as\u00ed como capacidad interpretativa de las mismas, as\u00ed como conocimientos pedag\u00f3gicos e institucionales generales en los que se encuadran las decisiones en el \u00e1rea.<\/span><\/p>\n<p><span style=\"font-weight: 400;\">Asimismo, poseer conocimientos administrativos sobre el manejo de los procedimientos contables escolares, para la confecci\u00f3n de certificados en general, anal\u00edticos y t\u00edtulos, as\u00ed como de los procedimientos y l\u00f3gicas de designaciones, altas, bajas, licencias, renuncias y las normativas respaldatorias.<\/span><\/p>\n<p><span style=\"font-weight: 400;\">Por otro lado, disponer de competencias organizativas y administrativas; habilidades relacionales y competencias comunicativas interpersonales y grupales en los espacios presencial y virtual y fluidez de redacci\u00f3n. La carga horaria es de 25 horas semanales<\/span><\/p>\n<p>&nbsp;<\/p>\n<p><span style=\"font-weight: 400;\">Documentaci\u00f3n requerida\u00a0<\/span><\/p>\n<p><span style=\"font-weight: 400;\">Los y las aspirantes deber\u00e1n remitir el Curriculum Vitae (sin certificaciones: las<\/span> <span style=\"font-weight: 400;\">mismas<\/span> <span style=\"font-weight: 400;\">ser\u00e1n requeridas posteriormente) al mail <\/span><a href=\"mailto:cgeunicen@gmail.com\"><span style=\"font-weight: 400;\">cgeunicen@gmail.com<\/span><\/a><span style=\"font-weight: 400;\">, con el asunto SELECCI\u00d3N DE UN CARGO EN LA PROSECRETARIA DE CADA ESCUELA.<\/span><\/p>\n<p><span style=\"font-weight: 400;\">El Jurado determinar\u00e1 el Orden de M\u00e9rito entre las personas que re\u00fanan los requisitos para el cargo: el alcance temporal del Orden de M\u00e9rito ser\u00e1 de un a\u00f1o.<\/span><\/p>\n<p><span style=\"font-weight: 400;\">El per\u00edodo de inscripci\u00f3n se extender\u00e1 desde el 1\u00b0 hasta el 10 de setiembre y las entrevistas, se desarrollar\u00e1n en un plazo no superior a 20 d\u00edas h\u00e1biles desde el cierre de la inscripci\u00f3n.\u00a0<\/span><\/p>\n<p><span style=\"font-weight: 400;\">La n\u00f3mina de jurados estar\u00e1 integrada, para el caso de la Escuela Ernesto Sabato de Tandil, por Magdalena Roa (Directiva ENES); Patricia Zapelli (Secretaria ENES); M\u00f3nica Ugarte (Secretar\u00eda Acad\u00e9mica UNICEN); Soledad Di Croce (Secretar\u00eda Acad\u00e9mica UNICEN) y Marcelo R\u00e9bori (Secretario Acad\u00e9mico Facultad de Ciencias Econ\u00f3micas UNICEN).<\/span><\/p>\n<p><span style=\"font-weight: 400;\">En tanto, para la Escuela Adolfo P\u00e9rez Esquivel de Olavarr\u00eda, la n\u00f3mina del jurado est\u00e1 integrada por Patricia Bavio (Directivo ENAPE); Cristina Iglesias (Secretaria ENAPE); M\u00f3nica Ugarte (Secretar\u00eda Acad\u00e9mica UNICEN); Soledad Di Croce (Secretar\u00eda Acad\u00e9mica UNICEN) y Marcelo R\u00e9bori (Secretario Acad\u00e9mico Facultad de Ciencias Econ\u00f3micas UNICEN).<\/span><\/p>\n<\/div>\n\t\t<\/div><\/div><div id=\"pgc-1362-0-1\"  class=\"panel-grid-cell\" >\n\t\t<div id=\"panel-1362-0-1-0\" class=\"so-panel widget widget_recent-posts widget_recent_entries panel-first-child\" data-index=\"1\" >\n\t\t<h3 class=\"widget-title\">Entradas recientes<\/h3>\n\t\t<ul>\n\t\t\t\t\t\t\t\t\t\t\t<li>\n\t\t\t\t\t<a href=\"https:\/\/sabato.unicen.edu.ar\/?p=1810\">La Escuela Sabato convoca a docentes de Sociales, Comunicaci\u00f3n, F\u00edsica, Tecnolog\u00eda y Qu\u00edmica<\/a>\n\t\t\t\t\t\t\t\t\t<\/li>\n\t\t\t\t\t\t\t\t\t\t\t<li>\n\t\t\t\t\t<a href=\"https:\/\/sabato.unicen.edu.ar\/?p=1792\">Se abre la preinscripci\u00f3n para el ciclo 2026<\/a>\n\t\t\t\t\t\t\t\t\t<\/li>\n\t\t\t\t\t\t\t\t\t\t\t<li>\n\t\t\t\t\t<a href=\"https:\/\/sabato.unicen.edu.ar\/?p=1776\">La Escuela Sabato convoca a docentes de Ciencias Sociales<\/a>\n\t\t\t\t\t\t\t\t\t<\/li>\n\t\t\t\t\t\t\t\t\t\t\t<li>\n\t\t\t\t\t<a href=\"https:\/\/sabato.unicen.edu.ar\/?p=1772\">Comienza la preinscripci\u00f3n a 1er a\u00f1o para 2025<\/a>\n\t\t\t\t\t\t\t\t\t<\/li>\n\t\t\t\t\t\t\t\t\t\t\t<li>\n\t\t\t\t\t<a href=\"https:\/\/sabato.unicen.edu.ar\/?p=1769\">La Escuela Sabato convoca a docentes de Fotograf\u00eda<\/a>\n\t\t\t\t\t\t\t\t\t<\/li>\n\t\t\t\t\t<\/ul>\n\n\t\t<\/div><div id=\"panel-1362-0-1-1\" class=\"so-panel widget widget_lsi_widget panel-last-child\" data-index=\"2\" ><h3 class=\"widget-title\">Seguinos<\/h3><ul class=\"lsi-social-icons icon-set-widget-0-1-1\" style=\"text-align: left\"><li class=\"lsi-social-facebook\"><a class=\"\" rel=\"nofollow\" title=\"Facebook\" aria-label=\"Facebook\" href=\"https:\/\/www.facebook.com\/escuelanacional.ernestosabato\" ><i class=\"lsicon lsicon-facebook\"><\/i><\/a><\/li><li class=\"lsi-social-instagram\"><a class=\"\" rel=\"nofollow\" title=\"Instagram\" aria-label=\"Instagram\" href=\"https:\/\/www.instagram.com\/ernestoescsabato\/\" ><i class=\"lsicon lsicon-instagram\"><\/i><\/a><\/li><li class=\"lsi-social-twitter\"><a class=\"\" rel=\"nofollow\" title=\"Twitter\" aria-label=\"Twitter\" href=\"https:\/\/twitter.com\/escuela_sabato\" ><i class=\"lsicon lsicon-twitter\"><\/i><\/a><\/li><li class=\"lsi-social-youtube\"><a class=\"\" rel=\"nofollow\" title=\"YouTube\" aria-label=\"YouTube\" href=\"https:\/\/www.youtube.com\/channel\/UCpKc9ebFFPjy4Ta9y-xNJDg\" ><i class=\"lsicon lsicon-youtube\"><\/i><\/a><\/li><\/ul><\/div><\/div><\/div><\/div>","protected":false},"excerpt":{"rendered":"<p>La Direcci\u00f3n de las escuelas Ernesto Sabato de Tandil y Adolfo P\u00e9rez Esquivel de Olavarr\u00eda, de la UNICEN llaman a selecci\u00f3n provisoria, para el cargo de Prosecretario\/a de ambas escuelas secundarias.\u00a0 La convocatoria, a partir de la Resoluci\u00f3n del Rectorado Nro. 376 del pasado 2 de agosto, es abierta a todos los docentes del nivel [&hellip;]<\/p>\n","protected":false},"author":1,"featured_media":101,"comment_status":"closed","ping_status":"open","sticky":false,"template":"","format":"standard","meta":{"footnotes":""},"categories":[1],"tags":[],"_links":{"self":[{"href":"https:\/\/sabato.unicen.edu.ar\/index.php?rest_route=\/wp\/v2\/posts\/1362"}],"collection":[{"href":"https:\/\/sabato.unicen.edu.ar\/index.php?rest_route=\/wp\/v2\/posts"}],"about":[{"href":"https:\/\/sabato.unicen.edu.ar\/index.php?rest_route=\/wp\/v2\/types\/post"}],"author":[{"embeddable":true,"href":"https:\/\/sabato.unicen.edu.ar\/index.php?rest_route=\/wp\/v2\/users\/1"}],"replies":[{"embeddable":true,"href":"https:\/\/sabato.unicen.edu.ar\/index.php?rest_route=%2Fwp%2Fv2%2Fcomments&post=1362"}],"version-history":[{"count":2,"href":"https:\/\/sabato.unicen.edu.ar\/index.php?rest_route=\/wp\/v2\/posts\/1362\/revisions"}],"predecessor-version":[{"id":1364,"href":"https:\/\/sabato.unicen.edu.ar\/index.php?rest_route=\/wp\/v2\/posts\/1362\/revisions\/1364"}],"wp:featuredmedia":[{"embeddable":true,"href":"https:\/\/sabato.unicen.edu.ar\/index.php?rest_route=\/wp\/v2\/media\/101"}],"wp:attachment":[{"href":"https:\/\/sabato.unicen.edu.ar\/index.php?rest_route=%2Fwp%2Fv2%2Fmedia&parent=1362"}],"wp:term":[{"taxonomy":"category","embeddable":true,"href":"https:\/\/sabato.unicen.edu.ar\/index.php?rest_route=%2Fwp%2Fv2%2Fcategories&post=1362"},{"taxonomy":"post_tag","embeddable":true,"href":"https:\/\/sabato.unicen.edu.ar\/index.php?rest_route=%2Fwp%2Fv2%2Ftags&post=1362"}],"curies":[{"name":"wp","href":"https:\/\/api.w.org\/{rel}","templated":true}]}}